{"id":28052,"date":"2024-08-10T14:12:42","date_gmt":"2024-08-10T11:12:42","guid":{"rendered":"https:\/\/ufukaskeroglu.com\/yuzden-kilo-verilir-mi\/"},"modified":"2024-08-13T16:35:09","modified_gmt":"2024-08-13T13:35:09","slug":"kann-man-gesicht-abnehmen","status":"publish","type":"post","link":"https:\/\/ufukaskeroglu.com\/de\/kann-man-gesicht-abnehmen\/","title":{"rendered":"Kann man Gesicht abnehmen?"},"content":{"rendered":"[vc_row type=&#8220;in_container&#8220; full_screen_row_position=&#8220;middle&#8220; column_margin=&#8220;default&#8220; column_direction=&#8220;default&#8220; column_direction_tablet=&#8220;default&#8220; column_direction_phone=&#8220;default&#8220; scene_position=&#8220;center&#8220; text_color=&#8220;dark&#8220; text_align=&#8220;left&#8220; row_border_radius=&#8220;none&#8220; row_border_radius_applies=&#8220;bg&#8220; overflow=&#8220;visible&#8220; overlay_strength=&#8220;0.3&#8243; gradient_direction=&#8220;left_to_right&#8220; shape_divider_position=&#8220;bottom&#8220; bg_image_animation=&#8220;none&#8220;][vc_column column_padding=&#8220;no-extra-padding&#8220; column_padding_tablet=&#8220;inherit&#8220; column_padding_phone=&#8220;inherit&#8220; column_padding_position=&#8220;all&#8220; column_element_direction_desktop=&#8220;default&#8220; column_element_spacing=&#8220;default&#8220; desktop_text_alignment=&#8220;default&#8220; tablet_text_alignment=&#8220;default&#8220; phone_text_alignment=&#8220;default&#8220; background_color_opacity=&#8220;1&#8243; background_hover_color_opacity=&#8220;1&#8243; column_backdrop_filter=&#8220;none&#8220; column_shadow=&#8220;none&#8220; column_border_radius=&#8220;none&#8220; column_link_target=&#8220;_self&#8220; column_position=&#8220;default&#8220; gradient_direction=&#8220;left_to_right&#8220; overlay_strength=&#8220;0.3&#8243; width=&#8220;1\/1&#8243; tablet_width_inherit=&#8220;default&#8220; animation_type=&#8220;default&#8220; bg_image_animation=&#8220;none&#8220; border_type=&#8220;simple&#8220; column_border_width=&#8220;none&#8220; column_border_style=&#8220;solid&#8220;][vc_custom_heading text=&#8220;<span style=``color: #5b3f2b;``>IST ES M\u00d6GLICH, IM GESICHT ABZUNEHMEN!?<\/span>&#8220; font_container=&#8220;tag:h1|font_size:40|text_align:center&#8220;][\/vc_column][vc_column column_padding=&#8220;no-extra-padding&#8220; column_padding_tablet=&#8220;inherit&#8220; column_padding_phone=&#8220;inherit&#8220; column_padding_position=&#8220;all&#8220; column_element_direction_desktop=&#8220;default&#8220; column_element_spacing=&#8220;default&#8220; desktop_text_alignment=&#8220;default&#8220; tablet_text_alignment=&#8220;default&#8220; phone_text_alignment=&#8220;default&#8220; background_color_opacity=&#8220;1&#8243; background_hover_color_opacity=&#8220;1&#8243; column_backdrop_filter=&#8220;none&#8220; column_shadow=&#8220;none&#8220; column_border_radius=&#8220;none&#8220; column_link_target=&#8220;_self&#8220; column_position=&#8220;default&#8220; gradient_direction=&#8220;left_to_right&#8220; overlay_strength=&#8220;0.3&#8243; width=&#8220;1\/1&#8243; tablet_width_inherit=&#8220;default&#8220; animation_type=&#8220;default&#8220; bg_image_animation=&#8220;none&#8220; border_type=&#8220;simple&#8220; column_border_width=&#8220;none&#8220; column_border_style=&#8220;solid&#8220;][vc_row_inner column_margin=&#8220;default&#8220; column_direction=&#8220;default&#8220; column_direction_tablet=&#8220;default&#8220; column_direction_phone=&#8220;default&#8220; text_align=&#8220;left&#8220; row_position=&#8220;default&#8220; row_position_tablet=&#8220;inherit&#8220; row_position_phone=&#8220;inherit&#8220; overflow=&#8220;visible&#8220; pointer_events=&#8220;all&#8220;][vc_column_inner column_padding=&#8220;no-extra-padding&#8220; column_padding_tablet=&#8220;inherit&#8220; column_padding_phone=&#8220;inherit&#8220; column_padding_position=&#8220;all&#8220; column_element_direction_desktop=&#8220;default&#8220; column_element_spacing=&#8220;default&#8220; desktop_text_alignment=&#8220;default&#8220; tablet_text_alignment=&#8220;default&#8220; phone_text_alignment=&#8220;default&#8220; background_color_opacity=&#8220;1&#8243; background_hover_color_opacity=&#8220;1&#8243; column_backdrop_filter=&#8220;none&#8220; column_shadow=&#8220;none&#8220; column_border_radius=&#8220;none&#8220; column_link_target=&#8220;_self&#8220; overflow=&#8220;visible&#8220; gradient_direction=&#8220;left_to_right&#8220; overlay_strength=&#8220;0.3&#8243; width=&#8220;1\/2&#8243; tablet_width_inherit=&#8220;default&#8220; animation_type=&#8220;default&#8220; bg_image_animation=&#8220;none&#8220; border_type=&#8220;simple&#8220; column_border_width=&#8220;none&#8220; column_border_style=&#8220;solid&#8220;][divider line_type=&#8220;No Line&#8220; custom_height=&#8220;30&#8243;][image_with_animation image_url=&#8220;27987&#8243; image_size=&#8220;full&#8220; animation_type=&#8220;entrance&#8220; animation=&#8220;None&#8220; animation_movement_type=&#8220;transform_y&#8220; hover_animation=&#8220;none&#8220; alignment=&#8220;&#8220; border_radius=&#8220;none&#8220; box_shadow=&#8220;none&#8220; image_loading=&#8220;default&#8220; max_width=&#8220;100%&#8220; max_width_mobile=&#8220;default&#8220;][divider line_type=&#8220;No Line&#8220; custom_height=&#8220;60&#8243;][\/vc_column_inner][vc_column_inner column_padding=&#8220;no-extra-padding&#8220; column_padding_tablet=&#8220;inherit&#8220; column_padding_phone=&#8220;inherit&#8220; column_padding_position=&#8220;all&#8220; column_element_direction_desktop=&#8220;default&#8220; column_element_spacing=&#8220;default&#8220; desktop_text_alignment=&#8220;default&#8220; tablet_text_alignment=&#8220;default&#8220; phone_text_alignment=&#8220;default&#8220; background_color_opacity=&#8220;1&#8243; background_hover_color_opacity=&#8220;1&#8243; column_backdrop_filter=&#8220;none&#8220; column_shadow=&#8220;none&#8220; column_border_radius=&#8220;none&#8220; column_link_target=&#8220;_self&#8220; overflow=&#8220;visible&#8220; gradient_direction=&#8220;left_to_right&#8220; overlay_strength=&#8220;0.3&#8243; width=&#8220;1\/2&#8243; tablet_width_inherit=&#8220;default&#8220; animation_type=&#8220;default&#8220; bg_image_animation=&#8220;none&#8220; border_type=&#8220;simple&#8220; column_border_width=&#8220;none&#8220; column_border_style=&#8220;solid&#8220;][divider line_type=&#8220;No Line&#8220; custom_height=&#8220;30&#8243;][vc_column_text]\n<p><!-- First Headline --><\/p>\n<div id=\"ez-toc-container\" class=\"ez-toc-v2_0_82_2 counter-hierarchy ez-toc-counter ez-toc-grey ez-toc-container-direction\">\n<div class=\"ez-toc-title-container\">\n<span class=\"ez-toc-title-toggle\"><a href=\"#\" class=\"ez-toc-pull-right ez-toc-btn ez-toc-btn-xs ez-toc-btn-default ez-toc-toggle\" aria-label=\"Toggle Table of Content\"><span class=\"ez-toc-js-icon-con\"><span class=\"\"><span class=\"eztoc-hide\" style=\"display:none;\">Toggle<\/span><span class=\"ez-toc-icon-toggle-span\"><svg style=\"fill: #999;color:#999\" xmlns=\"http:\/\/www.w3.org\/2000\/svg\" class=\"list-377408\" width=\"20px\" height=\"20px\" viewBox=\"0 0 24 24\" fill=\"none\"><path d=\"M6 6H4v2h2V6zm14 0H8v2h12V6zM4 11h2v2H4v-2zm16 0H8v2h12v-2zM4 16h2v2H4v-2zm16 0H8v2h12v-2z\" fill=\"currentColor\"><\/path><\/svg><svg style=\"fill: #999;color:#999\" class=\"arrow-unsorted-368013\" xmlns=\"http:\/\/www.w3.org\/2000\/svg\" width=\"10px\" height=\"10px\" viewBox=\"0 0 24 24\" version=\"1.2\" baseProfile=\"tiny\"><path d=\"M18.2 9.3l-6.2-6.3-6.2 6.3c-.2.2-.3.4-.3.7s.1.5.3.7c.2.2.4.3.7.3h11c.3 0 .5-.1.7-.3.2-.2.3-.5.3-.7s-.1-.5-.3-.7zM5.8 14.7l6.2 6.3 6.2-6.3c.2-.2.3-.5.3-.7s-.1-.5-.3-.7c-.2-.2-.4-.3-.7-.3h-11c-.3 0-.5.1-.7.3-.2.2-.3.5-.3.7s.1.5.3.7z\"\/><\/svg><\/span><\/span><\/span><\/a><\/span><\/div>\n<nav><ul class='ez-toc-list ez-toc-list-level-1 eztoc-toggle-hide-by-default' ><li class='ez-toc-page-1 ez-toc-heading-level-2'><a class=\"ez-toc-link ez-toc-heading-1\" href=\"https:\/\/ufukaskeroglu.com\/de\/kann-man-gesicht-abnehmen\/#KANN_MAN_IM_GESICHT_ABNEHMEN\" >KANN MAN IM GESICHT ABNEHMEN?<\/a><ul class='ez-toc-list-level-3' ><li class='ez-toc-heading-level-3'><a class=\"ez-toc-link ez-toc-heading-2\" href=\"https:\/\/ufukaskeroglu.com\/de\/kann-man-gesicht-abnehmen\/#Fettansammlungen_im_Gesicht_sind_oft_genetisch_bedingt\" >Fettansammlungen im Gesicht sind oft genetisch bedingt<\/a><\/li><li class='ez-toc-page-1 ez-toc-heading-level-3'><a class=\"ez-toc-link ez-toc-heading-3\" href=\"https:\/\/ufukaskeroglu.com\/de\/kann-man-gesicht-abnehmen\/#Kann_man_im_Gesicht_abnehmen\" >Kann man im Gesicht abnehmen?<\/a><ul class='ez-toc-list-level-4' ><li class='ez-toc-heading-level-4'><a class=\"ez-toc-link ez-toc-heading-4\" href=\"https:\/\/ufukaskeroglu.com\/de\/kann-man-gesicht-abnehmen\/#Verfuegbare_Behandlungsmethoden\" >Verf\u00fcgbare Behandlungsmethoden<\/a><\/li><\/ul><\/li><\/ul><\/li><\/ul><\/nav><\/div>\n<h2 style=\"color: #CD853F;\"><span class=\"ez-toc-section\" id=\"KANN_MAN_IM_GESICHT_ABNEHMEN\"><\/span>KANN MAN IM GESICHT ABNEHMEN?<span class=\"ez-toc-section-end\"><\/span><\/h2>\n<p><!-- Paragraphs -->Der Spezialist f\u00fcr \u00e4sthetische und plastische Chirurgie <a href=\"https:\/\/ufukaskeroglu.com\/de\/ueber\/\" rel=\"noopener\" target=\"_blank\">Op. Dr. Ufuk Askero\u011flu<\/a> erkl\u00e4rt, was man tun kann, um das Erscheinungsbild von Gewicht im Gesicht, ein gro\u00dfes Problem f\u00fcr viele Frauen, zu verbessern.<\/p>\n<p>Kann man im Gesicht abnehmen? Die Fettansammlung und Gewichtsschwankungen im Gesicht treten oft gleichzeitig mit der Fettansammlung in anderen K\u00f6rperregionen auf. Allerdings kann Fettansammlung oder Gewichtszunahme im Gesicht das Gesamtbild der Person beeinflussen und es kann gew\u00fcnscht sein, diese Situation zu korrigieren.<\/p>\n[\/vc_column_text][\/vc_column_inner][\/vc_row_inner][\/vc_column][vc_column column_padding=&#8220;no-extra-padding&#8220; column_padding_tablet=&#8220;inherit&#8220; column_padding_phone=&#8220;inherit&#8220; column_padding_position=&#8220;all&#8220; column_element_direction_desktop=&#8220;default&#8220; column_element_spacing=&#8220;default&#8220; desktop_text_alignment=&#8220;default&#8220; tablet_text_alignment=&#8220;default&#8220; phone_text_alignment=&#8220;default&#8220; background_color_opacity=&#8220;1&#8243; background_hover_color_opacity=&#8220;1&#8243; column_backdrop_filter=&#8220;none&#8220; column_shadow=&#8220;none&#8220; column_border_radius=&#8220;none&#8220; column_link_target=&#8220;_self&#8220; column_position=&#8220;default&#8220; gradient_direction=&#8220;left_to_right&#8220; overlay_strength=&#8220;0.3&#8243; width=&#8220;1\/1&#8243; tablet_width_inherit=&#8220;default&#8220; animation_type=&#8220;default&#8220; bg_image_animation=&#8220;none&#8220; border_type=&#8220;simple&#8220; column_border_width=&#8220;none&#8220; column_border_style=&#8220;solid&#8220;][vc_column_text]<!-- Subheading --><\/p>\n<h3 style=\"color: #CD853F;\"><span class=\"ez-toc-section\" id=\"Fettansammlungen_im_Gesicht_sind_oft_genetisch_bedingt\"><\/span>Fettansammlungen im Gesicht sind oft genetisch bedingt<span class=\"ez-toc-section-end\"><\/span><\/h3>\n<p><!-- Paragraphs -->Die Fettansammlung im Gesicht entsteht h\u00e4ufig durch genetische Faktoren, den Alterungsprozess und Lebensgewohnheiten. Die Fettansammlung im Gesicht kann parallel zur Fettansammlung in anderen K\u00f6rperregionen auftreten oder im Gesicht deutlicher ausgepr\u00e4gt sein. Besonders Fettansammlungen an den <a href=\"https:\/\/theaestheticscenterturkey.co.uk\/\" rel=\"noopener\" target=\"_blank\">Wangen<\/a>, Kinn, Hals und unter den Augen k\u00f6nnen dazu f\u00fchren, dass das Gesicht voll und rund aussieht.<\/p>\n<p>Fettansammlungen im Gesicht k\u00f6nnen nicht nur ein \u00e4sthetisches Problem darstellen, sondern auch gesundheitliche Auswirkungen haben. Besonders bei Adipositas kann die Fettansammlung im Gesicht ausgepr\u00e4gter sein und auf gesundheitliche Probleme wie ein erh\u00f6htes Risiko f\u00fcr Herzkrankheiten hinweisen. Daher ist es wichtig, die Fettansammlung im Gesicht zu kontrollieren und ein gesundes Gewicht zu halten.<\/p>\n<p><!-- Subheading --><\/p>\n<h3 style=\"color: #CD853F;\"><span class=\"ez-toc-section\" id=\"Kann_man_im_Gesicht_abnehmen\"><\/span>Kann man im Gesicht abnehmen?<span class=\"ez-toc-section-end\"><\/span><\/h3>\n<p><!-- Paragraphs -->Die allgemeine Reduktion des K\u00f6rperfetts kann auch dazu beitragen, die Fettansammlung im Gesicht zu reduzieren. Eine gesunde Ern\u00e4hrung und regelm\u00e4\u00dfige Bewegung k\u00f6nnen den Fettanteil im K\u00f6rper senken. Bestimmte Gesichtsgymnastiken k\u00f6nnen die Gesichtsmuskeln st\u00e4rken, die Gesichtskonturen straffen und deutlicher hervorheben. Beispielsweise geh\u00f6ren Gesichts-Yoga-\u00dcbungen oder gezielte Gesichtsmuskulatur\u00fcbungen zu diesen Methoden.<\/p>\n<p>Ein gesundes und ausgewogenes Ern\u00e4hrungsprogramm kann helfen, das K\u00f6rpergewicht zu kontrollieren und die Fettansammlung im Gesicht zu reduzieren. Es wird empfohlen, verarbeiteten Lebensmitteln wie Fast Food zu vermeiden und eine Ern\u00e4hrung mit einem hohen Anteil an Gem\u00fcse und Obst zu w\u00e4hlen. Ausreichendes Trinken kann helfen, die Hautfeuchtigkeit zu bewahren und Schwellungen im Gesicht zu reduzieren. Dies tr\u00e4gt zur besseren Definition und Straffung der Gesichtskonturen bei.<\/p>\n<p>Gewichtsver\u00e4nderungen und Fettansammlungen im Gesicht k\u00f6nnen das allgemeine Erscheinungsbild beeinflussen und \u00e4sthetisch st\u00f6rend sein. In diesem Fall kann eine gesunde Lebensweise und die Anwendung geeigneter Methoden zur Gewichtskontrolle helfen, die Fettansammlung im Gesicht zu reduzieren. Es ist jedoch wichtig, Unterst\u00fctzung von einem Facharzt zu erhalten und eine gesunde Herangehensweise zu w\u00e4hlen.<\/p>\n<p><!-- Subheading --><\/p>\n<h4 style=\"color: #CD853F;\"><span class=\"ez-toc-section\" id=\"Verfuegbare_Behandlungsmethoden\"><\/span>Verf\u00fcgbare Behandlungsmethoden<span class=\"ez-toc-section-end\"><\/span><\/h4>\n<p><!-- Paragraphs --><strong style=\"color: #CD853F;\"><a href=\"https:\/\/ufukaskeroglu.com\/de\/hollywood-face-surgery\/\" rel=\"noopener\" target=\"_blank\">Hollywood-Wangen<\/a><\/strong> sorgen f\u00fcr markante Wangenknochen und proportionale Gesichtsz\u00fcge. Durch das Entfernen von \u00fcbersch\u00fcssigem Fett aus den Wangen kann eine lebendigere und j\u00fcngere Erscheinung erreicht werden.<\/p>\n<p><strong style=\"color: #CD853F;\">Die Bichektomie<\/strong> kann ein sch\u00f6nes, kantiges und dreieckiges Aussehen verleihen. Die Lippenresektion nach dem Goldenen Schnitt macht die Gesichtsz\u00fcge klarer und ausgepr\u00e4gter. Wangenresektionen sind sowohl f\u00fcr M\u00e4nner als auch f\u00fcr Frauen geeignet, und bei M\u00e4nnern wird aufgrund des geringeren Fettgewebes im Vergleich zu Frauen weniger buccales Fett entfernt.<\/p>\n[\/vc_column_text][vc_raw_html]JTVCaW5zdGFncmFtLWZlZWQlMjBmZWVkJTNEMSU1RA==[\/vc_raw_html][\/vc_column][\/vc_row]\n","protected":false},"excerpt":{"rendered":"<p>Estetik ve Plastik Cerrahi Uzman\u0131 Op. Dr. Ufuk Askero\u011flu, \u00f6zellikle kad\u0131nlar\u0131n en b\u00fcy\u00fck sorunu olan y\u00fcz b\u00f6lgesinde kilo g\u00f6r\u00fcn\u00fcm\u00fc i\u00e7in yap\u0131labilecekleri sizler i\u00e7in anlat\u0131yor.<\/p>\n","protected":false},"author":1,"featured_media":27990,"comment_status":"closed","ping_status":"closed","sticky":false,"template":"","format":"standard","meta":{"footnotes":""},"categories":[247],"tags":[248,249,250,252,253],"ppma_author":[444],"class_list":{"0":"post-28052","1":"post","2":"type-post","3":"status-publish","4":"format-standard","5":"has-post-thumbnail","7":"category-ufuk-askeroglu-de","8":"tag-bella-eyes-before-after-de","9":"tag-bella-eyes-recovery-process-de","10":"tag-bella-eyes-suregry-post-op-de","11":"tag-canthopexy-de","12":"tag-dr-ufuk-askeroglu-de"},"yoast_head":"<!-- This site is optimized with the Yoast SEO plugin v27.5 - https:\/\/yoast.com\/product\/yoast-seo-wordpress\/ -->\n<title>Kann man Gesicht abnehmen? - Ufuk Askero\u011flu<\/title>\n<meta name=\"description\" content=\"Mehr als 8.000 zufriedene Patienten \u2013 Bella Eyes \u2013 Trinity Lift \u2013 Facelift \u2013 Fettabsaugung \u2013 Bauchdeckenstraffung-Kann man Gesicht abnehmen?\" \/>\n<meta name=\"robots\" content=\"index, follow, max-snippet:-1, max-image-preview:large, max-video-preview:-1\" \/>\n<link rel=\"canonical\" href=\"https:\/\/ufukaskeroglu.com\/de\/kann-man-gesicht-abnehmen\/\" \/>\n<meta property=\"og:locale\" content=\"de_DE\" \/>\n<meta property=\"og:type\" content=\"article\" \/>\n<meta property=\"og:title\" content=\"Kann man Gesicht abnehmen? - Ufuk Askero\u011flu\" \/>\n<meta property=\"og:description\" content=\"Mehr als 8.000 zufriedene Patienten \u2013 Bella Eyes \u2013 Trinity Lift \u2013 Facelift \u2013 Fettabsaugung \u2013 Bauchdeckenstraffung-Kann man Gesicht abnehmen?\" \/>\n<meta property=\"og:url\" content=\"https:\/\/ufukaskeroglu.com\/de\/kann-man-gesicht-abnehmen\/\" \/>\n<meta property=\"og:site_name\" content=\"Ufuk Askero\u011flu\" \/>\n<meta property=\"article:published_time\" content=\"2024-08-10T11:12:42+00:00\" \/>\n<meta property=\"article:modified_time\" content=\"2024-08-13T13:35:09+00:00\" \/>\n<meta property=\"og:image\" content=\"https:\/\/ufukaskeroglu.com\/wp-content\/uploads\/2024\/08\/seriously-beautiful-2024-03-15-15-48-33-utc-1-scaled.jpg\" \/>\n\t<meta property=\"og:image:width\" content=\"2560\" \/>\n\t<meta property=\"og:image:height\" content=\"1709\" \/>\n\t<meta property=\"og:image:type\" content=\"image\/jpeg\" \/>\n<meta name=\"author\" content=\"ufukaskeroglu\" \/>\n<meta name=\"twitter:card\" content=\"summary_large_image\" \/>\n<meta name=\"twitter:label1\" content=\"Verfasst von\" \/>\n\t<meta name=\"twitter:data1\" content=\"ufukaskeroglu\" \/>\n\t<meta name=\"twitter:label2\" content=\"Gesch\u00e4tzte Lesezeit\" \/>\n\t<meta name=\"twitter:data2\" content=\"4\u00a0Minuten\" \/>\n<script type=\"application\/ld+json\" class=\"yoast-schema-graph\">{\"@context\":\"https:\\\/\\\/schema.org\",\"@graph\":[{\"@type\":\"Article\",\"@id\":\"https:\\\/\\\/ufukaskeroglu.com\\\/de\\\/kann-man-gesicht-abnehmen\\\/#article\",\"isPartOf\":{\"@id\":\"https:\\\/\\\/ufukaskeroglu.com\\\/de\\\/kann-man-gesicht-abnehmen\\\/\"},\"author\":{\"name\":\"ufukaskeroglu\",\"@id\":\"https:\\\/\\\/ufukaskeroglu.com\\\/#\\\/schema\\\/person\\\/269e7a409022187ae82d65c238b2b94d\"},\"headline\":\"Kann man Gesicht abnehmen?\",\"datePublished\":\"2024-08-10T11:12:42+00:00\",\"dateModified\":\"2024-08-13T13:35:09+00:00\",\"mainEntityOfPage\":{\"@id\":\"https:\\\/\\\/ufukaskeroglu.com\\\/de\\\/kann-man-gesicht-abnehmen\\\/\"},\"wordCount\":1162,\"publisher\":{\"@id\":\"https:\\\/\\\/ufukaskeroglu.com\\\/#\\\/schema\\\/person\\\/269e7a409022187ae82d65c238b2b94d\"},\"image\":{\"@id\":\"https:\\\/\\\/ufukaskeroglu.com\\\/de\\\/kann-man-gesicht-abnehmen\\\/#primaryimage\"},\"thumbnailUrl\":\"https:\\\/\\\/ufukaskeroglu.com\\\/wp-content\\\/uploads\\\/2024\\\/08\\\/seriously-beautiful-2024-03-15-15-48-33-utc-1-scaled.jpg\",\"keywords\":[\"Bella Eyes Before After\",\"bella eyes recovery process\",\"bella eyes suregry post-op\",\"canthopexy\",\"Dr.Ufuk Askeroglu\"],\"articleSection\":[\"Ufuk Askero\u011flu\"],\"inLanguage\":\"de\"},{\"@type\":\"WebPage\",\"@id\":\"https:\\\/\\\/ufukaskeroglu.com\\\/de\\\/kann-man-gesicht-abnehmen\\\/\",\"url\":\"https:\\\/\\\/ufukaskeroglu.com\\\/de\\\/kann-man-gesicht-abnehmen\\\/\",\"name\":\"Kann man Gesicht abnehmen? - Ufuk Askero\u011flu\",\"isPartOf\":{\"@id\":\"https:\\\/\\\/ufukaskeroglu.com\\\/#website\"},\"primaryImageOfPage\":{\"@id\":\"https:\\\/\\\/ufukaskeroglu.com\\\/de\\\/kann-man-gesicht-abnehmen\\\/#primaryimage\"},\"image\":{\"@id\":\"https:\\\/\\\/ufukaskeroglu.com\\\/de\\\/kann-man-gesicht-abnehmen\\\/#primaryimage\"},\"thumbnailUrl\":\"https:\\\/\\\/ufukaskeroglu.com\\\/wp-content\\\/uploads\\\/2024\\\/08\\\/seriously-beautiful-2024-03-15-15-48-33-utc-1-scaled.jpg\",\"datePublished\":\"2024-08-10T11:12:42+00:00\",\"dateModified\":\"2024-08-13T13:35:09+00:00\",\"description\":\"Mehr als 8.000 zufriedene Patienten \u2013 Bella Eyes \u2013 Trinity Lift \u2013 Facelift \u2013 Fettabsaugung \u2013 Bauchdeckenstraffung-Kann man Gesicht abnehmen?\",\"breadcrumb\":{\"@id\":\"https:\\\/\\\/ufukaskeroglu.com\\\/de\\\/kann-man-gesicht-abnehmen\\\/#breadcrumb\"},\"inLanguage\":\"de\",\"potentialAction\":[{\"@type\":\"ReadAction\",\"target\":[\"https:\\\/\\\/ufukaskeroglu.com\\\/de\\\/kann-man-gesicht-abnehmen\\\/\"]}]},{\"@type\":\"ImageObject\",\"inLanguage\":\"de\",\"@id\":\"https:\\\/\\\/ufukaskeroglu.com\\\/de\\\/kann-man-gesicht-abnehmen\\\/#primaryimage\",\"url\":\"https:\\\/\\\/ufukaskeroglu.com\\\/wp-content\\\/uploads\\\/2024\\\/08\\\/seriously-beautiful-2024-03-15-15-48-33-utc-1-scaled.jpg\",\"contentUrl\":\"https:\\\/\\\/ufukaskeroglu.com\\\/wp-content\\\/uploads\\\/2024\\\/08\\\/seriously-beautiful-2024-03-15-15-48-33-utc-1-scaled.jpg\",\"width\":2560,\"height\":1709,\"caption\":\"Y\u00fczden Kilo Verilir Mi\"},{\"@type\":\"BreadcrumbList\",\"@id\":\"https:\\\/\\\/ufukaskeroglu.com\\\/de\\\/kann-man-gesicht-abnehmen\\\/#breadcrumb\",\"itemListElement\":[{\"@type\":\"ListItem\",\"position\":1,\"name\":\"Anasayfa\",\"item\":\"https:\\\/\\\/ufukaskeroglu.com\\\/de\\\/\"},{\"@type\":\"ListItem\",\"position\":2,\"name\":\"Kann man Gesicht abnehmen?\"}]},{\"@type\":\"WebSite\",\"@id\":\"https:\\\/\\\/ufukaskeroglu.com\\\/#website\",\"url\":\"https:\\\/\\\/ufukaskeroglu.com\\\/\",\"name\":\"Dr. Ufuk Askeroglu | Leading Plastic Surgeon in Turkey | Master of Facial Rejuvenation\",\"description\":\"\",\"publisher\":{\"@id\":\"https:\\\/\\\/ufukaskeroglu.com\\\/#\\\/schema\\\/person\\\/269e7a409022187ae82d65c238b2b94d\"},\"potentialAction\":[{\"@type\":\"SearchAction\",\"target\":{\"@type\":\"EntryPoint\",\"urlTemplate\":\"https:\\\/\\\/ufukaskeroglu.com\\\/?s={search_term_string}\"},\"query-input\":{\"@type\":\"PropertyValueSpecification\",\"valueRequired\":true,\"valueName\":\"search_term_string\"}}],\"inLanguage\":\"de\"},{\"@type\":[\"Person\",\"Organization\"],\"@id\":\"https:\\\/\\\/ufukaskeroglu.com\\\/#\\\/schema\\\/person\\\/269e7a409022187ae82d65c238b2b94d\",\"name\":\"ufukaskeroglu\",\"image\":{\"@type\":\"ImageObject\",\"inLanguage\":\"de\",\"@id\":\"https:\\\/\\\/ufukaskeroglu.com\\\/wp-content\\\/uploads\\\/2023\\\/07\\\/cropped-favicon_UA.pnge31fd54b915c8e1a9e226760f99d1cab\",\"url\":\"https:\\\/\\\/ufukaskeroglu.com\\\/wp-content\\\/uploads\\\/2023\\\/07\\\/cropped-favicon_UA.png\",\"contentUrl\":\"https:\\\/\\\/ufukaskeroglu.com\\\/wp-content\\\/uploads\\\/2023\\\/07\\\/cropped-favicon_UA.png\",\"width\":512,\"height\":512,\"caption\":\"ufukaskeroglu\"},\"logo\":{\"@id\":\"https:\\\/\\\/ufukaskeroglu.com\\\/wp-content\\\/uploads\\\/2023\\\/07\\\/cropped-favicon_UA.pnge31fd54b915c8e1a9e226760f99d1cab\"},\"sameAs\":[\"https:\\\/\\\/ufukaskeroglu.com\\\/\"],\"url\":\"https:\\\/\\\/ufukaskeroglu.com\\\/de\\\/author\\\/ufukaskeroglu\\\/\"}]}<\/script>\n<!-- \/ Yoast SEO plugin. -->","yoast_head_json":{"title":"Kann man Gesicht abnehmen? - Ufuk Askero\u011flu","description":"Mehr als 8.000 zufriedene Patienten \u2013 Bella Eyes \u2013 Trinity Lift \u2013 Facelift \u2013 Fettabsaugung \u2013 Bauchdeckenstraffung-Kann man Gesicht abnehmen?","robots":{"index":"index","follow":"follow","max-snippet":"max-snippet:-1","max-image-preview":"max-image-preview:large","max-video-preview":"max-video-preview:-1"},"canonical":"https:\/\/ufukaskeroglu.com\/de\/kann-man-gesicht-abnehmen\/","og_locale":"de_DE","og_type":"article","og_title":"Kann man Gesicht abnehmen? - Ufuk Askero\u011flu","og_description":"Mehr als 8.000 zufriedene Patienten \u2013 Bella Eyes \u2013 Trinity Lift \u2013 Facelift \u2013 Fettabsaugung \u2013 Bauchdeckenstraffung-Kann man Gesicht abnehmen?","og_url":"https:\/\/ufukaskeroglu.com\/de\/kann-man-gesicht-abnehmen\/","og_site_name":"Ufuk Askero\u011flu","article_published_time":"2024-08-10T11:12:42+00:00","article_modified_time":"2024-08-13T13:35:09+00:00","og_image":[{"width":2560,"height":1709,"url":"https:\/\/ufukaskeroglu.com\/wp-content\/uploads\/2024\/08\/seriously-beautiful-2024-03-15-15-48-33-utc-1-scaled.jpg","type":"image\/jpeg"}],"author":"ufukaskeroglu","twitter_card":"summary_large_image","twitter_misc":{"Verfasst von":"ufukaskeroglu","Gesch\u00e4tzte Lesezeit":"4\u00a0Minuten"},"schema":{"@context":"https:\/\/schema.org","@graph":[{"@type":"Article","@id":"https:\/\/ufukaskeroglu.com\/de\/kann-man-gesicht-abnehmen\/#article","isPartOf":{"@id":"https:\/\/ufukaskeroglu.com\/de\/kann-man-gesicht-abnehmen\/"},"author":{"name":"ufukaskeroglu","@id":"https:\/\/ufukaskeroglu.com\/#\/schema\/person\/269e7a409022187ae82d65c238b2b94d"},"headline":"Kann man Gesicht abnehmen?","datePublished":"2024-08-10T11:12:42+00:00","dateModified":"2024-08-13T13:35:09+00:00","mainEntityOfPage":{"@id":"https:\/\/ufukaskeroglu.com\/de\/kann-man-gesicht-abnehmen\/"},"wordCount":1162,"publisher":{"@id":"https:\/\/ufukaskeroglu.com\/#\/schema\/person\/269e7a409022187ae82d65c238b2b94d"},"image":{"@id":"https:\/\/ufukaskeroglu.com\/de\/kann-man-gesicht-abnehmen\/#primaryimage"},"thumbnailUrl":"https:\/\/ufukaskeroglu.com\/wp-content\/uploads\/2024\/08\/seriously-beautiful-2024-03-15-15-48-33-utc-1-scaled.jpg","keywords":["Bella Eyes Before After","bella eyes recovery process","bella eyes suregry post-op","canthopexy","Dr.Ufuk Askeroglu"],"articleSection":["Ufuk Askero\u011flu"],"inLanguage":"de"},{"@type":"WebPage","@id":"https:\/\/ufukaskeroglu.com\/de\/kann-man-gesicht-abnehmen\/","url":"https:\/\/ufukaskeroglu.com\/de\/kann-man-gesicht-abnehmen\/","name":"Kann man Gesicht abnehmen? - Ufuk Askero\u011flu","isPartOf":{"@id":"https:\/\/ufukaskeroglu.com\/#website"},"primaryImageOfPage":{"@id":"https:\/\/ufukaskeroglu.com\/de\/kann-man-gesicht-abnehmen\/#primaryimage"},"image":{"@id":"https:\/\/ufukaskeroglu.com\/de\/kann-man-gesicht-abnehmen\/#primaryimage"},"thumbnailUrl":"https:\/\/ufukaskeroglu.com\/wp-content\/uploads\/2024\/08\/seriously-beautiful-2024-03-15-15-48-33-utc-1-scaled.jpg","datePublished":"2024-08-10T11:12:42+00:00","dateModified":"2024-08-13T13:35:09+00:00","description":"Mehr als 8.000 zufriedene Patienten \u2013 Bella Eyes \u2013 Trinity Lift \u2013 Facelift \u2013 Fettabsaugung \u2013 Bauchdeckenstraffung-Kann man Gesicht abnehmen?","breadcrumb":{"@id":"https:\/\/ufukaskeroglu.com\/de\/kann-man-gesicht-abnehmen\/#breadcrumb"},"inLanguage":"de","potentialAction":[{"@type":"ReadAction","target":["https:\/\/ufukaskeroglu.com\/de\/kann-man-gesicht-abnehmen\/"]}]},{"@type":"ImageObject","inLanguage":"de","@id":"https:\/\/ufukaskeroglu.com\/de\/kann-man-gesicht-abnehmen\/#primaryimage","url":"https:\/\/ufukaskeroglu.com\/wp-content\/uploads\/2024\/08\/seriously-beautiful-2024-03-15-15-48-33-utc-1-scaled.jpg","contentUrl":"https:\/\/ufukaskeroglu.com\/wp-content\/uploads\/2024\/08\/seriously-beautiful-2024-03-15-15-48-33-utc-1-scaled.jpg","width":2560,"height":1709,"caption":"Y\u00fczden Kilo Verilir Mi"},{"@type":"BreadcrumbList","@id":"https:\/\/ufukaskeroglu.com\/de\/kann-man-gesicht-abnehmen\/#breadcrumb","itemListElement":[{"@type":"ListItem","position":1,"name":"Anasayfa","item":"https:\/\/ufukaskeroglu.com\/de\/"},{"@type":"ListItem","position":2,"name":"Kann man Gesicht abnehmen?"}]},{"@type":"WebSite","@id":"https:\/\/ufukaskeroglu.com\/#website","url":"https:\/\/ufukaskeroglu.com\/","name":"Dr. Ufuk Askeroglu | Leading Plastic Surgeon in Turkey | Master of Facial Rejuvenation","description":"","publisher":{"@id":"https:\/\/ufukaskeroglu.com\/#\/schema\/person\/269e7a409022187ae82d65c238b2b94d"},"potentialAction":[{"@type":"SearchAction","target":{"@type":"EntryPoint","urlTemplate":"https:\/\/ufukaskeroglu.com\/?s={search_term_string}"},"query-input":{"@type":"PropertyValueSpecification","valueRequired":true,"valueName":"search_term_string"}}],"inLanguage":"de"},{"@type":["Person","Organization"],"@id":"https:\/\/ufukaskeroglu.com\/#\/schema\/person\/269e7a409022187ae82d65c238b2b94d","name":"ufukaskeroglu","image":{"@type":"ImageObject","inLanguage":"de","@id":"https:\/\/ufukaskeroglu.com\/wp-content\/uploads\/2023\/07\/cropped-favicon_UA.pnge31fd54b915c8e1a9e226760f99d1cab","url":"https:\/\/ufukaskeroglu.com\/wp-content\/uploads\/2023\/07\/cropped-favicon_UA.png","contentUrl":"https:\/\/ufukaskeroglu.com\/wp-content\/uploads\/2023\/07\/cropped-favicon_UA.png","width":512,"height":512,"caption":"ufukaskeroglu"},"logo":{"@id":"https:\/\/ufukaskeroglu.com\/wp-content\/uploads\/2023\/07\/cropped-favicon_UA.pnge31fd54b915c8e1a9e226760f99d1cab"},"sameAs":["https:\/\/ufukaskeroglu.com\/"],"url":"https:\/\/ufukaskeroglu.com\/de\/author\/ufukaskeroglu\/"}]}},"authors":[{"term_id":444,"user_id":1,"is_guest":0,"slug":"ufukaskeroglu","display_name":"ufukaskeroglu","avatar_url":{"url":"https:\/\/ufukaskeroglu.com\/wp-content\/uploads\/2024\/07\/22-2.jpg","url2x":"https:\/\/ufukaskeroglu.com\/wp-content\/uploads\/2024\/07\/22-2.jpg"},"0":null,"1":"","2":"","3":"","4":"","5":"","6":"","7":"","8":""}],"_links":{"self":[{"href":"https:\/\/ufukaskeroglu.com\/de\/wp-json\/wp\/v2\/posts\/28052","targetHints":{"allow":["GET"]}}],"collection":[{"href":"https:\/\/ufukaskeroglu.com\/de\/wp-json\/wp\/v2\/posts"}],"about":[{"href":"https:\/\/ufukaskeroglu.com\/de\/wp-json\/wp\/v2\/types\/post"}],"author":[{"embeddable":true,"href":"https:\/\/ufukaskeroglu.com\/de\/wp-json\/wp\/v2\/users\/1"}],"replies":[{"embeddable":true,"href":"https:\/\/ufukaskeroglu.com\/de\/wp-json\/wp\/v2\/comments?post=28052"}],"version-history":[{"count":2,"href":"https:\/\/ufukaskeroglu.com\/de\/wp-json\/wp\/v2\/posts\/28052\/revisions"}],"predecessor-version":[{"id":28064,"href":"https:\/\/ufukaskeroglu.com\/de\/wp-json\/wp\/v2\/posts\/28052\/revisions\/28064"}],"wp:featuredmedia":[{"embeddable":true,"href":"https:\/\/ufukaskeroglu.com\/de\/wp-json\/wp\/v2\/media\/27990"}],"wp:attachment":[{"href":"https:\/\/ufukaskeroglu.com\/de\/wp-json\/wp\/v2\/media?parent=28052"}],"wp:term":[{"taxonomy":"category","embeddable":true,"href":"https:\/\/ufukaskeroglu.com\/de\/wp-json\/wp\/v2\/categories?post=28052"},{"taxonomy":"post_tag","embeddable":true,"href":"https:\/\/ufukaskeroglu.com\/de\/wp-json\/wp\/v2\/tags?post=28052"},{"taxonomy":"author","embeddable":true,"href":"https:\/\/ufukaskeroglu.com\/de\/wp-json\/wp\/v2\/ppma_author?post=28052"}],"curies":[{"name":"wp","href":"https:\/\/api.w.org\/{rel}","templated":true}]}}