{"id":43261,"date":"2026-02-10T10:01:55","date_gmt":"2026-02-10T07:01:55","guid":{"rendered":"https:\/\/ufukaskeroglu.com\/what-is-mid-face-lift\/"},"modified":"2026-02-10T13:34:24","modified_gmt":"2026-02-10T10:34:24","slug":"que-es-el-lifting-de-tercio-medio-facial","status":"publish","type":"post","link":"https:\/\/ufukaskeroglu.com\/es\/que-es-el-lifting-de-tercio-medio-facial\/","title":{"rendered":"\u00bfQu\u00e9 es el lifting de tercio medio facial?"},"content":{"rendered":"[vc_row type=\u00bbin_container\u00bb full_screen_row_position=\u00bbmiddle\u00bb column_margin=\u00bbdefault\u00bb column_direction=\u00bbdefault\u00bb column_direction_tablet=\u00bbdefault\u00bb column_direction_phone=\u00bbdefault\u00bb scene_position=\u00bbcenter\u00bb top_padding=\u00bb3%\u00bb text_color=\u00bbdark\u00bb text_align=\u00bbleft\u00bb row_border_radius=\u00bbnone\u00bb row_border_radius_applies=\u00bbbg\u00bb overflow=\u00bbvisible\u00bb overlay_strength=\u00bb0.3&#8243; gradient_direction=\u00bbleft_to_right\u00bb shape_divider_position=\u00bbbottom\u00bb bg_image_animation=\u00bbnone\u00bb gradient_type=\u00bbdefault\u00bb shape_type=\u00bb\u00bb][vc_column column_padding=\u00bbno-extra-padding\u00bb column_padding_tablet=\u00bbinherit\u00bb column_padding_phone=\u00bbinherit\u00bb column_padding_position=\u00bball\u00bb column_element_direction_desktop=\u00bbdefault\u00bb column_element_spacing=\u00bbdefault\u00bb desktop_text_alignment=\u00bbdefault\u00bb tablet_text_alignment=\u00bbdefault\u00bb phone_text_alignment=\u00bbdefault\u00bb background_color_opacity=\u00bb1&#8243; background_hover_color_opacity=\u00bb1&#8243; column_backdrop_filter=\u00bbnone\u00bb column_shadow=\u00bbnone\u00bb column_border_radius=\u00bbnone\u00bb column_link_target=\u00bb_self\u00bb column_position=\u00bbdefault\u00bb gradient_direction=\u00bbleft_to_right\u00bb overlay_strength=\u00bb0.3&#8243; width=\u00bb1\/1&#8243; tablet_width_inherit=\u00bbdefault\u00bb animation_type=\u00bbdefault\u00bb bg_image_animation=\u00bbnone\u00bb border_type=\u00bbsimple\u00bb column_border_width=\u00bbnone\u00bb column_border_style=\u00bbsolid\u00bb][nectar_responsive_text inherited_font_style=\u00bbdefault\u00bb text_color=\u00bb#cd853f\u00bb font_size_desktop=\u00bb50&#8243; text_direction=\u00bbdefault\u00bb font_line_height=\u00bb1.3&#8243;]\n<div id=\"ez-toc-container\" class=\"ez-toc-v2_0_82_2 counter-hierarchy ez-toc-counter ez-toc-grey ez-toc-container-direction\">\n<div class=\"ez-toc-title-container\">\n<span class=\"ez-toc-title-toggle\"><a href=\"#\" class=\"ez-toc-pull-right ez-toc-btn ez-toc-btn-xs ez-toc-btn-default ez-toc-toggle\" aria-label=\"Alternar tabla de contenidos\"><span class=\"ez-toc-js-icon-con\"><span class=\"\"><span class=\"eztoc-hide\" style=\"display:none;\">Toggle<\/span><span class=\"ez-toc-icon-toggle-span\"><svg style=\"fill: #999;color:#999\" xmlns=\"http:\/\/www.w3.org\/2000\/svg\" class=\"list-377408\" width=\"20px\" height=\"20px\" viewBox=\"0 0 24 24\" fill=\"none\"><path d=\"M6 6H4v2h2V6zm14 0H8v2h12V6zM4 11h2v2H4v-2zm16 0H8v2h12v-2zM4 16h2v2H4v-2zm16 0H8v2h12v-2z\" fill=\"currentColor\"><\/path><\/svg><svg style=\"fill: #999;color:#999\" class=\"arrow-unsorted-368013\" xmlns=\"http:\/\/www.w3.org\/2000\/svg\" width=\"10px\" height=\"10px\" viewBox=\"0 0 24 24\" version=\"1.2\" baseProfile=\"tiny\"><path d=\"M18.2 9.3l-6.2-6.3-6.2 6.3c-.2.2-.3.4-.3.7s.1.5.3.7c.2.2.4.3.7.3h11c.3 0 .5-.1.7-.3.2-.2.3-.5.3-.7s-.1-.5-.3-.7zM5.8 14.7l6.2 6.3 6.2-6.3c.2-.2.3-.5.3-.7s-.1-.5-.3-.7c-.2-.2-.4-.3-.7-.3h-11c-.3 0-.5.1-.7.3-.2.2-.3.5-.3.7s.1.5.3.7z\"\/><\/svg><\/span><\/span><\/span><\/a><\/span><\/div>\n<nav><ul class='ez-toc-list ez-toc-list-level-1 eztoc-toggle-hide-by-default' ><li class='ez-toc-page-1 ez-toc-heading-level-2'><a class=\"ez-toc-link ez-toc-heading-1\" href=\"https:\/\/ufukaskeroglu.com\/es\/que-es-el-lifting-de-tercio-medio-facial\/#%C2%BFQue_es_el_lifting_de_tercio_medio_facial\" >\u00bfQu\u00e9 es el lifting de tercio medio facial?<\/a><ul class='ez-toc-list-level-3' ><li class='ez-toc-heading-level-3'><a class=\"ez-toc-link ez-toc-heading-2\" href=\"https:\/\/ufukaskeroglu.com\/es\/que-es-el-lifting-de-tercio-medio-facial\/#%C2%BFQue_es_el_lifting_de_la_zona_media_del_rostro_Rejuvenece_tus_mejillas_y_el_contorno_medio_facial\" >\u00bfQu\u00e9 es el lifting de la zona media del rostro? Rejuvenece tus mejillas y el contorno medio facial<\/a><\/li><li class='ez-toc-page-1 ez-toc-heading-level-3'><a class=\"ez-toc-link ez-toc-heading-3\" href=\"https:\/\/ufukaskeroglu.com\/es\/que-es-el-lifting-de-tercio-medio-facial\/#%C2%BFQue_es_el_lifting_de_la_zona_media_del_rostro_en_terminos_sencillos\" >\u00bfQu\u00e9 es el lifting de la zona media del rostro en t\u00e9rminos sencillos?<\/a><\/li><li class='ez-toc-page-1 ez-toc-heading-level-3'><a class=\"ez-toc-link ez-toc-heading-4\" href=\"https:\/\/ufukaskeroglu.com\/es\/que-es-el-lifting-de-tercio-medio-facial\/#%C2%BFPor_que_elegir_el_lifting_endoscopico_de_la_zona_media_del_rostro\" >\u00bfPor qu\u00e9 elegir el lifting endosc\u00f3pico de la zona media del rostro?<\/a><\/li><li class='ez-toc-page-1 ez-toc-heading-level-3'><a class=\"ez-toc-link ez-toc-heading-5\" href=\"https:\/\/ufukaskeroglu.com\/es\/que-es-el-lifting-de-tercio-medio-facial\/#%C2%BFComo_funciona_Trinity_Lift%C2%AE\" >\u00bfC\u00f3mo funciona Trinity Lift\u00ae?<\/a><\/li><li class='ez-toc-page-1 ez-toc-heading-level-3'><a class=\"ez-toc-link ez-toc-heading-6\" href=\"https:\/\/ufukaskeroglu.com\/es\/que-es-el-lifting-de-tercio-medio-facial\/#%C2%BFQuien_es_un_buen_candidato_para_el_lifting_de_la_zona_media_del_rostro\" >\u00bfQui\u00e9n es un buen candidato para el lifting de la zona media del rostro?<\/a><\/li><li class='ez-toc-page-1 ez-toc-heading-level-3'><a class=\"ez-toc-link ez-toc-heading-7\" href=\"https:\/\/ufukaskeroglu.com\/es\/que-es-el-lifting-de-tercio-medio-facial\/#%C2%BFCuales_son_los_beneficios_del_lifting_de_la_zona_media_del_rostro\" >\u00bfCu\u00e1les son los beneficios del lifting de la zona media del rostro?<\/a><\/li><li class='ez-toc-page-1 ez-toc-heading-level-3'><a class=\"ez-toc-link ez-toc-heading-8\" href=\"https:\/\/ufukaskeroglu.com\/es\/que-es-el-lifting-de-tercio-medio-facial\/#%C2%BFComo_es_la_recuperacion_despues_de_la_cirugia\" >\u00bfC\u00f3mo es la recuperaci\u00f3n despu\u00e9s de la cirug\u00eda?<\/a><\/li><li class='ez-toc-page-1 ez-toc-heading-level-3'><a class=\"ez-toc-link ez-toc-heading-9\" href=\"https:\/\/ufukaskeroglu.com\/es\/que-es-el-lifting-de-tercio-medio-facial\/#%C2%BFCuanto_duran_los_resultados\" >\u00bfCu\u00e1nto duran los resultados?<\/a><\/li><li class='ez-toc-page-1 ez-toc-heading-level-3'><a class=\"ez-toc-link ez-toc-heading-10\" href=\"https:\/\/ufukaskeroglu.com\/es\/que-es-el-lifting-de-tercio-medio-facial\/#%C2%BFPuede_combinarse_el_lifting_de_la_zona_media_del_rostro_con_otros_procedimientos\" >\u00bfPuede combinarse el lifting de la zona media del rostro con otros procedimientos?<\/a><\/li><li class='ez-toc-page-1 ez-toc-heading-level-3'><a class=\"ez-toc-link ez-toc-heading-11\" href=\"https:\/\/ufukaskeroglu.com\/es\/que-es-el-lifting-de-tercio-medio-facial\/#Lifting_de_la_zona_media_del_rostro_conclusion_clave\" >Lifting de la zona media del rostro: conclusi\u00f3n clave<\/a><\/li><li class='ez-toc-page-1 ez-toc-heading-level-3'><a class=\"ez-toc-link ez-toc-heading-12\" href=\"https:\/\/ufukaskeroglu.com\/es\/que-es-el-lifting-de-tercio-medio-facial\/#Preguntas_frecuentes_FAQs\" >Preguntas frecuentes (FAQs)<\/a><\/li><li class='ez-toc-page-1 ez-toc-heading-level-3'><a class=\"ez-toc-link ez-toc-heading-13\" href=\"https:\/\/ufukaskeroglu.com\/es\/que-es-el-lifting-de-tercio-medio-facial\/#Rejuvenece_tu_zona_media_facial_con_el_Dr_Ufuk_Askeroglu\" >Rejuvenece tu zona media facial con el Dr. Ufuk Askeroglu<\/a><\/li><\/ul><\/li><\/ul><\/nav><\/div>\n<h2 style=\"text-align: center;\"><span class=\"ez-toc-section\" id=\"%C2%BFQue_es_el_lifting_de_tercio_medio_facial\"><\/span>\u00bfQu\u00e9 es el lifting de tercio medio facial?<span class=\"ez-toc-section-end\"><\/span><\/h2>\n[\/nectar_responsive_text][\/vc_column][vc_column column_padding=\u00bbno-extra-padding\u00bb column_padding_tablet=\u00bbinherit\u00bb column_padding_phone=\u00bbinherit\u00bb column_padding_position=\u00bball\u00bb column_element_direction_desktop=\u00bbdefault\u00bb column_element_spacing=\u00bbdefault\u00bb desktop_text_alignment=\u00bbdefault\u00bb tablet_text_alignment=\u00bbdefault\u00bb phone_text_alignment=\u00bbdefault\u00bb background_color_opacity=\u00bb1&#8243; background_hover_color_opacity=\u00bb1&#8243; column_backdrop_filter=\u00bbnone\u00bb column_shadow=\u00bbnone\u00bb column_border_radius=\u00bbnone\u00bb column_link_target=\u00bb_self\u00bb column_position=\u00bbdefault\u00bb gradient_direction=\u00bbleft_to_right\u00bb overlay_strength=\u00bb0.3&#8243; width=\u00bb1\/1&#8243; tablet_width_inherit=\u00bbdefault\u00bb animation_type=\u00bbdefault\u00bb bg_image_animation=\u00bbnone\u00bb border_type=\u00bbsimple\u00bb column_border_width=\u00bbnone\u00bb column_border_style=\u00bbsolid\u00bb][vc_row_inner column_margin=\u00bbdefault\u00bb column_direction=\u00bbdefault\u00bb column_direction_tablet=\u00bbdefault\u00bb column_direction_phone=\u00bbdefault\u00bb text_align=\u00bbleft\u00bb row_position=\u00bbdefault\u00bb row_position_tablet=\u00bbinherit\u00bb row_position_phone=\u00bbinherit\u00bb overflow=\u00bbvisible\u00bb pointer_events=\u00bball\u00bb][vc_column_inner column_padding=\u00bbno-extra-padding\u00bb column_padding_tablet=\u00bbinherit\u00bb column_padding_phone=\u00bbinherit\u00bb column_padding_position=\u00bball\u00bb column_element_direction_desktop=\u00bbdefault\u00bb column_element_spacing=\u00bbdefault\u00bb desktop_text_alignment=\u00bbdefault\u00bb tablet_text_alignment=\u00bbdefault\u00bb phone_text_alignment=\u00bbdefault\u00bb background_color_opacity=\u00bb1&#8243; background_hover_color_opacity=\u00bb1&#8243; column_backdrop_filter=\u00bbnone\u00bb column_shadow=\u00bbnone\u00bb column_border_radius=\u00bbnone\u00bb column_link_target=\u00bb_self\u00bb overflow=\u00bbvisible\u00bb gradient_direction=\u00bbleft_to_right\u00bb overlay_strength=\u00bb0.3&#8243; width=\u00bb1\/2&#8243; tablet_width_inherit=\u00bbdefault\u00bb animation_type=\u00bbdefault\u00bb bg_image_animation=\u00bbnone\u00bb border_type=\u00bbsimple\u00bb column_border_width=\u00bbnone\u00bb column_border_style=\u00bbsolid\u00bb][divider line_type=\u00bbNo Line\u00bb custom_height=\u00bb100&#8243;][nectar_video_player_self_hosted video_webm=\u00bbhttps:\/\/ufukaskeroglu.com\/wp-content\/uploads\/2025\/01\/11211-1.mov\u00bb video_mp4=\u00bbhttps:\/\/ufukaskeroglu.com\/wp-content\/uploads\/2025\/01\/11211-1.mov\u00bb el_aspect=\u00bb11&#8243; player_functionality=\u00bbdefault\u00bb loop=\u00bbyes\u00bb autoplay=\u00bbyes\u00bb video_loading=\u00bbdefault\u00bb border_radius=\u00bbnone\u00bb box_shadow=\u00bbnone\u00bb advanced_gradient_display_type=\u00bblinear\u00bb][image_with_animation image_url=\u00bb42868&#8243; image_size=\u00bbfull\u00bb animation_type=\u00bbentrance\u00bb animation=\u00bbNone\u00bb animation_movement_type=\u00bbtransform_y\u00bb hover_animation=\u00bbnone\u00bb alignment=\u00bbcenter\u00bb border_radius=\u00bbnone\u00bb box_shadow=\u00bbnone\u00bb image_loading=\u00bbdefault\u00bb max_width=\u00bb100%\u00bb max_width_mobile=\u00bb150%\u00bb img_link=\u00bbhttps:\/\/www.instagram.com\/drufukaskeroglu\/\u00bb][\/vc_column_inner][vc_column_inner column_padding=\u00bbno-extra-padding\u00bb column_padding_tablet=\u00bbinherit\u00bb column_padding_phone=\u00bbinherit\u00bb column_padding_position=\u00bball\u00bb column_element_direction_desktop=\u00bbdefault\u00bb column_element_spacing=\u00bbdefault\u00bb desktop_text_alignment=\u00bbdefault\u00bb tablet_text_alignment=\u00bbdefault\u00bb phone_text_alignment=\u00bbdefault\u00bb background_color_opacity=\u00bb1&#8243; background_hover_color_opacity=\u00bb1&#8243; column_backdrop_filter=\u00bbnone\u00bb column_shadow=\u00bbnone\u00bb column_border_radius=\u00bbnone\u00bb column_link_target=\u00bb_self\u00bb overflow=\u00bbvisible\u00bb gradient_direction=\u00bbleft_to_right\u00bb overlay_strength=\u00bb0.3&#8243; width=\u00bb1\/2&#8243; tablet_width_inherit=\u00bbdefault\u00bb animation_type=\u00bbdefault\u00bb bg_image_animation=\u00bbnone\u00bb border_type=\u00bbsimple\u00bb column_border_width=\u00bbnone\u00bb column_border_style=\u00bbsolid\u00bb][divider line_type=\u00bbNo Line\u00bb custom_height=\u00bb100&#8243;][vc_column_text text_direction=\u00bbdefault\u00bb]\n<h3 style=\"color: #9a6c56;\"><span class=\"ez-toc-section\" id=\"%C2%BFQue_es_el_lifting_de_la_zona_media_del_rostro_Rejuvenece_tus_mejillas_y_el_contorno_medio_facial\"><\/span>\u00bfQu\u00e9 es el lifting de la zona media del rostro? Rejuvenece tus mejillas y el contorno medio facial<span class=\"ez-toc-section-end\"><\/span><\/h3>\n<p>\u00bfHas notado mejillas ca\u00eddas, un mayor marcamiento de los pliegues nasolabiales o un aspecto cansado en la zona media de tu rostro? Es posible que te est\u00e9s preguntando qu\u00e9 es el lifting de la zona media del rostro y si es adecuado para ti.<\/p>\n<p>En su cl\u00ednica de Estambul, el Dr. Ufuk Askeroglu ofrece una soluci\u00f3n de vanguardia conocida como Trinity Lift\u00ae, una t\u00e9cnica patentada de lifting endosc\u00f3pico de la zona media del rostro, publicada en prestigiosas revistas cient\u00edficas como ISAPS y PubMed. Este procedimiento restaura el volumen juvenil, eleva los tejidos de la zona media facial y mejora la armon\u00eda general del rostro.<\/p>\n<p>Comprender qu\u00e9 es el lifting de la zona media del rostro te ayudar\u00e1 a saber c\u00f3mo funciona, qui\u00e9n es un buen candidato y qu\u00e9 resultados puedes esperar de forma realista.<\/p>\n<h3 style=\"color: #9a6c56;\"><span class=\"ez-toc-section\" id=\"%C2%BFQue_es_el_lifting_de_la_zona_media_del_rostro_en_terminos_sencillos\"><\/span>\u00bfQu\u00e9 es el lifting de la zona media del rostro en t\u00e9rminos sencillos?<span class=\"ez-toc-section-end\"><\/span><\/h3>\n<p>Entonces, \u00bfqu\u00e9 es el lifting de la zona media del rostro? Es un procedimiento quir\u00fargico que rejuvenece la parte central de la cara, incluyendo las mejillas, los pliegues nasolabiales y la uni\u00f3n con el p\u00e1rpado inferior.<\/p>\n<p>A diferencia de los liftings faciales tradicionales que se centran en la parte inferior del rostro, esta t\u00e9cnica act\u00faa sobre la regi\u00f3n malar y las mejillas, proporcionando una restauraci\u00f3n sutil del volumen y un efecto de elevaci\u00f3n natural. Corrige la flacidez de los tejidos sin alterar tus expresiones faciales naturales.<\/p>\n<p>El Trinity Lift\u00ae, desarrollado por el Dr. Askeroglu, utiliza tecnolog\u00eda endosc\u00f3pica para elevar las estructuras profundas, manteniendo las incisiones m\u00ednimas y perfectamente ocultas.<\/p>\n[\/vc_column_text][\/vc_column_inner][\/vc_row_inner][\/vc_column][\/vc_row][vc_row type=\u00bbin_container\u00bb full_screen_row_position=\u00bbmiddle\u00bb column_margin=\u00bbdefault\u00bb column_direction=\u00bbdefault\u00bb column_direction_tablet=\u00bbdefault\u00bb column_direction_phone=\u00bbdefault\u00bb scene_position=\u00bbcenter\u00bb text_color=\u00bbdark\u00bb text_align=\u00bbleft\u00bb row_border_radius=\u00bbnone\u00bb row_border_radius_applies=\u00bbbg\u00bb overflow=\u00bbvisible\u00bb overlay_strength=\u00bb0.3&#8243; gradient_direction=\u00bbleft_to_right\u00bb shape_divider_position=\u00bbbottom\u00bb bg_image_animation=\u00bbnone\u00bb][vc_column column_padding=\u00bbno-extra-padding\u00bb column_padding_tablet=\u00bbinherit\u00bb column_padding_phone=\u00bbinherit\u00bb column_padding_position=\u00bball\u00bb column_element_direction_desktop=\u00bbdefault\u00bb column_element_spacing=\u00bbdefault\u00bb desktop_text_alignment=\u00bbdefault\u00bb tablet_text_alignment=\u00bbdefault\u00bb phone_text_alignment=\u00bbdefault\u00bb background_color_opacity=\u00bb1&#8243; background_hover_color_opacity=\u00bb1&#8243; column_backdrop_filter=\u00bbnone\u00bb column_shadow=\u00bbnone\u00bb column_border_radius=\u00bbnone\u00bb column_link_target=\u00bb_self\u00bb column_position=\u00bbdefault\u00bb gradient_direction=\u00bbleft_to_right\u00bb overlay_strength=\u00bb0.3&#8243; width=\u00bb1\/1&#8243; tablet_width_inherit=\u00bbdefault\u00bb animation_type=\u00bbdefault\u00bb bg_image_animation=\u00bbnone\u00bb border_type=\u00bbsimple\u00bb column_border_width=\u00bbnone\u00bb column_border_style=\u00bbsolid\u00bb][image_with_animation image_url=\u00bb27546&#8243; image_size=\u00bbfull\u00bb animation_type=\u00bbentrance\u00bb animation=\u00bbNone\u00bb animation_movement_type=\u00bbtransform_y\u00bb hover_animation=\u00bbnone\u00bb alignment=\u00bb\u00bb border_radius=\u00bbnone\u00bb box_shadow=\u00bbnone\u00bb image_loading=\u00bbdefault\u00bb max_width=\u00bb100%\u00bb max_width_mobile=\u00bbdefault\u00bb img_link=\u00bbhttps:\/\/www.instagram.com\/drufukaskeroglu\/\u00bb][\/vc_column][\/vc_row][vc_row type=\u00bbin_container\u00bb full_screen_row_position=\u00bbmiddle\u00bb column_margin=\u00bbdefault\u00bb column_direction=\u00bbdefault\u00bb column_direction_tablet=\u00bbdefault\u00bb column_direction_phone=\u00bbdefault\u00bb scene_position=\u00bbcenter\u00bb text_color=\u00bbdark\u00bb text_align=\u00bbleft\u00bb row_border_radius=\u00bbnone\u00bb row_border_radius_applies=\u00bbbg\u00bb overflow=\u00bbvisible\u00bb overlay_strength=\u00bb0.3&#8243; gradient_direction=\u00bbleft_to_right\u00bb shape_divider_position=\u00bbbottom\u00bb bg_image_animation=\u00bbnone\u00bb][vc_column column_padding=\u00bbno-extra-padding\u00bb column_padding_tablet=\u00bbinherit\u00bb column_padding_phone=\u00bbinherit\u00bb column_padding_position=\u00bball\u00bb column_element_direction_desktop=\u00bbdefault\u00bb column_element_spacing=\u00bbdefault\u00bb desktop_text_alignment=\u00bbdefault\u00bb tablet_text_alignment=\u00bbdefault\u00bb phone_text_alignment=\u00bbdefault\u00bb background_color_opacity=\u00bb1&#8243; background_hover_color_opacity=\u00bb1&#8243; column_backdrop_filter=\u00bbnone\u00bb column_shadow=\u00bbnone\u00bb column_border_radius=\u00bbnone\u00bb column_link_target=\u00bb_self\u00bb column_position=\u00bbdefault\u00bb gradient_direction=\u00bbleft_to_right\u00bb overlay_strength=\u00bb0.3&#8243; width=\u00bb1\/1&#8243; tablet_width_inherit=\u00bbdefault\u00bb animation_type=\u00bbdefault\u00bb bg_image_animation=\u00bbnone\u00bb border_type=\u00bbsimple\u00bb column_border_width=\u00bbnone\u00bb column_border_style=\u00bbsolid\u00bb][divider line_type=\u00bbNo Line\u00bb custom_height=\u00bb20&#8243;][vc_column_text text_direction=\u00bbdefault\u00bb]\n<h3 style=\"color: #9a6c56;\"><span class=\"ez-toc-section\" id=\"%C2%BFPor_que_elegir_el_lifting_endoscopico_de_la_zona_media_del_rostro\"><\/span>\u00bfPor qu\u00e9 elegir el lifting endosc\u00f3pico de la zona media del rostro?<span class=\"ez-toc-section-end\"><\/span><\/h3>\n<p>Podr\u00edas preguntarte: \u00bfpor qu\u00e9 el enfoque endosc\u00f3pico es mejor que los m\u00e9todos convencionales?<\/p>\n<ul>\n<li><strong style=\"color: #9a6c56;\">Incisiones m\u00ednimas ocultas en la l\u00ednea del cabello<\/strong><\/li>\n<li><strong style=\"color: #9a6c56;\">Menor cicatrizaci\u00f3n y recuperaci\u00f3n m\u00e1s r\u00e1pida<\/strong><\/li>\n<li><strong style=\"color: #9a6c56;\">Elevaci\u00f3n precisa de los m\u00fasculos y tejidos blandos subyacentes<\/strong><\/li>\n<li><strong style=\"color: #9a6c56;\">Resultados sutiles y de aspecto natural<\/strong><\/li>\n<li><strong style=\"color: #9a6c56;\">Rejuvenecimiento facial duradero<\/strong><\/li>\n<\/ul>\n<p>El objetivo es lograr una apariencia fresca y revitalizada sin el aspecto \u201ctirante\u201d asociado a los liftings faciales tradicionales.<\/p>\n<h3 style=\"color: #9a6c56;\"><span class=\"ez-toc-section\" id=\"%C2%BFComo_funciona_Trinity_Lift%C2%AE\"><\/span>\u00bfC\u00f3mo funciona Trinity Lift\u00ae?<span class=\"ez-toc-section-end\"><\/span><\/h3>\n<p>\u00bfTienes curiosidad por saber c\u00f3mo funciona el procedimiento Trinity Lift\u00ae?<\/p>\n<p>La cirug\u00eda comienza con dos peque\u00f1as incisiones en la l\u00ednea del cabello, que permiten el acceso a las estructuras de la zona media del rostro. A trav\u00e9s de ellas, el Dr. Askeroglu introduce un endoscopio, una peque\u00f1a c\u00e1mara y instrumentos quir\u00fargicos especializados.<\/p>\n<p>Eleva cuidadosamente los tejidos blandos subyacentes, incluidos los paquetes de grasa malar y de las mejillas, y los fija mediante suturas especiales. Esto eleva la zona media del rostro de forma natural, restaura el contorno juvenil y suaviza los pliegues nasolabiales de manera sutil.<\/p>\n<p>La gu\u00eda endosc\u00f3pica permite un control preciso, garantizando simetr\u00eda y resultados est\u00e9ticos \u00f3ptimos.<\/p>\n<h3 style=\"color: #9a6c56;\"><span class=\"ez-toc-section\" id=\"%C2%BFQuien_es_un_buen_candidato_para_el_lifting_de_la_zona_media_del_rostro\"><\/span>\u00bfQui\u00e9n es un buen candidato para el lifting de la zona media del rostro?<span class=\"ez-toc-section-end\"><\/span><\/h3>\n<p>Quiz\u00e1s te preguntes: \u00bfsoy un buen candidato para este procedimiento?<\/p>\n<ul>\n<li><strong style=\"color: #9a6c56;\">Personas con mejillas ca\u00eddas o ptosis en la zona media facial<\/strong><\/li>\n<li><strong style=\"color: #9a6c56;\">Pacientes con pliegues nasolabiales profundos o mejillas hundidas<\/strong><\/li>\n<li><strong style=\"color: #9a6c56;\">Quienes buscan un rejuvenecimiento natural sin cicatrices extensas<\/strong><\/li>\n<li><strong style=\"color: #9a6c56;\">Personas que desean una restauraci\u00f3n sutil del volumen en la zona media del rostro<\/strong><\/li>\n<\/ul>\n<p>Durante la consulta, el Dr. Askeroglu eval\u00faa la estructura facial, la calidad de la piel y los patrones de envejecimiento para dise\u00f1ar un plan quir\u00fargico personalizado.<\/p>\n<h3 style=\"color: #9a6c56;\"><span class=\"ez-toc-section\" id=\"%C2%BFCuales_son_los_beneficios_del_lifting_de_la_zona_media_del_rostro\"><\/span>\u00bfCu\u00e1les son los beneficios del lifting de la zona media del rostro?<span class=\"ez-toc-section-end\"><\/span><\/h3>\n<p>Comprender qu\u00e9 es el lifting de la zona media del rostro ayuda a los pacientes a valorar sus ventajas:<\/p>\n<ul>\n<li><strong style=\"color: #9a6c56;\">Eleva las mejillas ca\u00eddas para un contorno medio facial m\u00e1s juvenil<\/strong><\/li>\n<li><strong style=\"color: #9a6c56;\">Suaviza los pliegues nasolabiales sin tensar en exceso la parte inferior del rostro<\/strong><\/li>\n<li><strong style=\"color: #9a6c56;\">Restaura el volumen natural en la zona de las mejillas<\/strong><\/li>\n<li><strong style=\"color: #9a6c56;\">M\u00ednimamente invasivo con incisiones ocultas en la l\u00ednea del cabello<\/strong><\/li>\n<li><strong style=\"color: #9a6c56;\">Menor tiempo de recuperaci\u00f3n en comparaci\u00f3n con los liftings tradicionales<\/strong><\/li>\n<\/ul>\n<p>Los pacientes informan de un alto nivel de satisfacci\u00f3n gracias a la apariencia natural y rejuvenecida, sin cambios dr\u00e1sticos.<\/p>\n<h3 style=\"color: #9a6c56;\"><span class=\"ez-toc-section\" id=\"%C2%BFComo_es_la_recuperacion_despues_de_la_cirugia\"><\/span>\u00bfC\u00f3mo es la recuperaci\u00f3n despu\u00e9s de la cirug\u00eda?<span class=\"ez-toc-section-end\"><\/span><\/h3>\n<p>Es normal presentar una leve inflamaci\u00f3n o hematomas durante algunos d\u00edas. La mayor\u00eda de los pacientes retoman sus actividades diarias normales en un plazo de 7 a 10 d\u00edas.<\/p>\n<p>El uso de compresas fr\u00edas, la elevaci\u00f3n de la cabeza y evitar actividades f\u00edsicas intensas favorecen la recuperaci\u00f3n. Los resultados finales se aprecian en pocas semanas, con una mejor\u00eda sutil que contin\u00faa durante varios meses.<\/p>\n<h3 style=\"color: #9a6c56;\"><span class=\"ez-toc-section\" id=\"%C2%BFCuanto_duran_los_resultados\"><\/span>\u00bfCu\u00e1nto duran los resultados?<span class=\"ez-toc-section-end\"><\/span><\/h3>\n<p>Cuando se realiza sobre tejidos sanos, el lifting endosc\u00f3pico de la zona media del rostro, como Trinity Lift\u00ae, ofrece un rejuvenecimiento duradero. Los resultados se mantienen estables durante varios a\u00f1os, con un envejecimiento natural progresivo.<\/p>\n<h3 style=\"color: #9a6c56;\"><span class=\"ez-toc-section\" id=\"%C2%BFPuede_combinarse_el_lifting_de_la_zona_media_del_rostro_con_otros_procedimientos\"><\/span>\u00bfPuede combinarse el lifting de la zona media del rostro con otros procedimientos?<span class=\"ez-toc-section-end\"><\/span><\/h3>\n<p>S\u00ed. La combinaci\u00f3n de Trinity Lift\u00ae con blefaroplastia, lifting de la parte inferior del rostro o injertos de grasa puede mejorar la armon\u00eda facial general. El Dr. Askeroglu personaliza cada plan seg\u00fan los objetivos del paciente.<\/p>\n<h3 style=\"color: #9a6c56;\"><span class=\"ez-toc-section\" id=\"Lifting_de_la_zona_media_del_rostro_conclusion_clave\"><\/span>Lifting de la zona media del rostro: conclusi\u00f3n clave<span class=\"ez-toc-section-end\"><\/span><\/h3>\n<p>Si te has estado preguntando qu\u00e9 es el lifting de la zona media del rostro, la respuesta es clara: se trata de un procedimiento endosc\u00f3pico m\u00ednimamente invasivo que eleva las mejillas, restaura el volumen medio facial y suaviza los pliegues nasolabiales.<\/p>\n<p>Con Trinity Lift\u00ae, el Dr. Ufuk Askeroglu ofrece un rejuvenecimiento natural, preservando la expresi\u00f3n facial y minimizando el tiempo de recuperaci\u00f3n.<\/p>\n<h3 style=\"color: #9a6c56;\"><span class=\"ez-toc-section\" id=\"Preguntas_frecuentes_FAQs\"><\/span>Preguntas frecuentes (FAQs)<span class=\"ez-toc-section-end\"><\/span><\/h3>\n<p><strong style=\"color: #9a6c56;\">1. \u00bfCu\u00e1nto dura la cirug\u00eda?<\/strong><\/p>\n<p>Normalmente entre 1 y 2 horas, dependiendo del alcance del lifting.<\/p>\n<p><strong style=\"color: #9a6c56;\">2. \u00bfHabr\u00e1 cicatrices visibles?<\/strong><\/p>\n<p>No. Las incisiones quedan ocultas en la l\u00ednea del cabello.<\/p>\n<p><strong style=\"color: #9a6c56;\">3. \u00bfCu\u00e1ndo puedo volver al trabajo?<\/strong><\/p>\n<p>La mayor\u00eda de los pacientes retoman actividades ligeras en un plazo de 7 a 10 d\u00edas.<\/p>\n<p><strong style=\"color: #9a6c56;\">4. \u00bfPuede combinarse con cirug\u00eda de p\u00e1rpados?<\/strong><\/p>\n<p>S\u00ed. Los procedimientos combinados mejoran la armon\u00eda facial general.<\/p>\n<p><strong style=\"color: #9a6c56;\">5. \u00bfCu\u00e1nto tiempo duran los resultados?<\/strong><\/p>\n<p>Los resultados son duraderos, con un envejecimiento natural gradual.<\/p>\n<h3 style=\"color: #9a6c56;\"><span class=\"ez-toc-section\" id=\"Rejuvenece_tu_zona_media_facial_con_el_Dr_Ufuk_Askeroglu\"><\/span>Rejuvenece tu zona media facial con el Dr. Ufuk Askeroglu<span class=\"ez-toc-section-end\"><\/span><\/h3>\n<p>Si est\u00e1s explorando qu\u00e9 es el lifting de la zona media del rostro y deseas recuperar mejillas juveniles, suavizar los pliegues nasolabiales o mejorar el equilibrio facial, contacta con el Dr. Ufuk Askeroglu en Estambul.<\/p>\n<p>Su t\u00e9cnica patentada Trinity Lift\u00ae garantiza resultados precisos, naturales y duraderos, adaptados a la anatom\u00eda facial \u00fanica de cada paciente. Reserva una consulta hoy mismo y descubre los efectos transformadores de un lifting moderno de la zona media del rostro.<\/p>\n[\/vc_column_text][divider line_type=\u00bbNo Line\u00bb custom_height=\u00bb20&#8243;][\/vc_column][\/vc_row][vc_row type=\u00bbin_container\u00bb full_screen_row_position=\u00bbmiddle\u00bb column_margin=\u00bbdefault\u00bb column_direction=\u00bbdefault\u00bb column_direction_tablet=\u00bbdefault\u00bb column_direction_phone=\u00bbdefault\u00bb scene_position=\u00bbcenter\u00bb text_color=\u00bbdark\u00bb text_align=\u00bbleft\u00bb row_border_radius=\u00bbnone\u00bb row_border_radius_applies=\u00bbbg\u00bb overflow=\u00bbvisible\u00bb overlay_strength=\u00bb0.3&#8243; gradient_direction=\u00bbleft_to_right\u00bb shape_divider_position=\u00bbbottom\u00bb bg_image_animation=\u00bbnone\u00bb][vc_column column_padding=\u00bbno-extra-padding\u00bb column_padding_tablet=\u00bbinherit\u00bb column_padding_phone=\u00bbinherit\u00bb column_padding_position=\u00bball\u00bb column_element_direction_desktop=\u00bbdefault\u00bb column_element_spacing=\u00bbdefault\u00bb desktop_text_alignment=\u00bbdefault\u00bb tablet_text_alignment=\u00bbdefault\u00bb phone_text_alignment=\u00bbdefault\u00bb background_color_opacity=\u00bb1&#8243; background_hover_color_opacity=\u00bb1&#8243; column_backdrop_filter=\u00bbnone\u00bb column_shadow=\u00bbnone\u00bb column_border_radius=\u00bbnone\u00bb column_link_target=\u00bb_self\u00bb column_position=\u00bbdefault\u00bb gradient_direction=\u00bbleft_to_right\u00bb overlay_strength=\u00bb0.3&#8243; width=\u00bb1\/1&#8243; tablet_width_inherit=\u00bbdefault\u00bb animation_type=\u00bbdefault\u00bb bg_image_animation=\u00bbnone\u00bb border_type=\u00bbsimple\u00bb column_border_width=\u00bbnone\u00bb column_border_style=\u00bbsolid\u00bb][vc_raw_html]JTVCaW5zdGFncmFtLWZlZWQlMjBmZWVkJTNEMSU1RA==[\/vc_raw_html][\/vc_column][\/vc_row]\n","protected":false},"excerpt":{"rendered":"<p>[vc_row type=\u00bbin_container\u00bb full_screen_row_position=\u00bbmiddle\u00bb column_margin=\u00bbdefault\u00bb column_direction=\u00bbdefault\u00bb column_direction_tablet=\u00bbdefault\u00bb column_direction_phone=\u00bbdefault\u00bb scene_position=\u00bbcenter\u00bb top_padding=\u00bb3%\u00bb text_color=\u00bbdark\u00bb text_align=\u00bbleft\u00bb row_border_radius=\u00bbnone\u00bb row_border_radius_applies=\u00bbbg\u00bb overflow=\u00bbvisible\u00bb overlay_strength=\u00bb0.3&#8243; gradient_direction=\u00bbleft_to_right\u00bb shape_divider_position=\u00bbbottom\u00bb bg_image_animation=\u00bbnone\u00bb gradient_type=\u00bbdefault\u00bb shape_type=\u00bb\u00bb][vc_column column_padding=\u00bbno-extra-padding\u00bb column_padding_tablet=\u00bbinherit\u00bb column_padding_phone=\u00bbinherit\u00bb column_padding_position=\u00bball\u00bb column_element_direction_desktop=\u00bbdefault\u00bb column_element_spacing=\u00bbdefault\u00bb desktop_text_alignment=\u00bbdefault\u00bb tablet_text_alignment=\u00bbdefault\u00bb phone_text_alignment=\u00bbdefault\u00bb background_color_opacity=\u00bb1&#8243;&#8230;<\/p>\n","protected":false},"author":1,"featured_media":42876,"comment_status":"closed","ping_status":"closed","sticky":false,"template":"","format":"standard","meta":{"footnotes":""},"categories":[222],"tags":[],"ppma_author":[444],"class_list":{"0":"post-43261","1":"post","2":"type-post","3":"status-publish","4":"format-standard","5":"has-post-thumbnail","7":"category-ufuk-askeroglu-es"},"yoast_head":"<!-- This site is optimized with the Yoast SEO plugin v27.5 - https:\/\/yoast.com\/product\/yoast-seo-wordpress\/ -->\n<title>\u00bfQu\u00e9 es el lifting de tercio medio facial? - Ufuk Askero\u011flu<\/title>\n<meta name=\"description\" content=\"Bella Eyes \u2013 Trinity Lift \u2013 Facelift \u2013 Dr.Ufuk Askeroglu MD. Master of Facial Rejuvenation \u2013 \u00bfQu\u00e9 es el lifting de tercio medio facial?\" \/>\n<meta name=\"robots\" content=\"index, follow, max-snippet:-1, max-image-preview:large, max-video-preview:-1\" \/>\n<link rel=\"canonical\" href=\"https:\/\/ufukaskeroglu.com\/es\/que-es-el-lifting-de-tercio-medio-facial\/\" \/>\n<meta property=\"og:locale\" content=\"es_ES\" \/>\n<meta property=\"og:type\" content=\"article\" \/>\n<meta property=\"og:title\" content=\"\u00bfQu\u00e9 es el lifting de tercio medio facial? - Ufuk Askero\u011flu\" \/>\n<meta property=\"og:description\" content=\"Bella Eyes \u2013 Trinity Lift \u2013 Facelift \u2013 Dr.Ufuk Askeroglu MD. Master of Facial Rejuvenation \u2013 \u00bfQu\u00e9 es el lifting de tercio medio facial?\" \/>\n<meta property=\"og:url\" content=\"https:\/\/ufukaskeroglu.com\/es\/que-es-el-lifting-de-tercio-medio-facial\/\" \/>\n<meta property=\"og:site_name\" content=\"Ufuk Askero\u011flu\" \/>\n<meta property=\"article:published_time\" content=\"2026-02-10T07:01:55+00:00\" \/>\n<meta property=\"article:modified_time\" content=\"2026-02-10T10:34:24+00:00\" \/>\n<meta property=\"og:image\" content=\"https:\/\/ufukaskeroglu.com\/wp-content\/uploads\/2025\/12\/10.png\" \/>\n\t<meta property=\"og:image:width\" content=\"945\" \/>\n\t<meta property=\"og:image:height\" content=\"945\" \/>\n\t<meta property=\"og:image:type\" content=\"image\/png\" \/>\n<meta name=\"author\" content=\"ufukaskeroglu\" \/>\n<meta name=\"twitter:card\" content=\"summary_large_image\" \/>\n<meta name=\"twitter:label1\" content=\"Escrito por\" \/>\n\t<meta name=\"twitter:data1\" content=\"ufukaskeroglu\" \/>\n\t<meta name=\"twitter:label2\" content=\"Tiempo de lectura\" \/>\n\t<meta name=\"twitter:data2\" content=\"9 minutos\" \/>\n<script type=\"application\/ld+json\" class=\"yoast-schema-graph\">{\"@context\":\"https:\\\/\\\/schema.org\",\"@graph\":[{\"@type\":\"Article\",\"@id\":\"https:\\\/\\\/ufukaskeroglu.com\\\/es\\\/que-es-el-lifting-de-tercio-medio-facial\\\/#article\",\"isPartOf\":{\"@id\":\"https:\\\/\\\/ufukaskeroglu.com\\\/es\\\/que-es-el-lifting-de-tercio-medio-facial\\\/\"},\"author\":{\"name\":\"ufukaskeroglu\",\"@id\":\"https:\\\/\\\/ufukaskeroglu.com\\\/#\\\/schema\\\/person\\\/269e7a409022187ae82d65c238b2b94d\"},\"headline\":\"\u00bfQu\u00e9 es el lifting de tercio medio facial?\",\"datePublished\":\"2026-02-10T07:01:55+00:00\",\"dateModified\":\"2026-02-10T10:34:24+00:00\",\"mainEntityOfPage\":{\"@id\":\"https:\\\/\\\/ufukaskeroglu.com\\\/es\\\/que-es-el-lifting-de-tercio-medio-facial\\\/\"},\"wordCount\":2335,\"publisher\":{\"@id\":\"https:\\\/\\\/ufukaskeroglu.com\\\/#\\\/schema\\\/person\\\/269e7a409022187ae82d65c238b2b94d\"},\"image\":{\"@id\":\"https:\\\/\\\/ufukaskeroglu.com\\\/es\\\/que-es-el-lifting-de-tercio-medio-facial\\\/#primaryimage\"},\"thumbnailUrl\":\"https:\\\/\\\/ufukaskeroglu.com\\\/wp-content\\\/uploads\\\/2025\\\/12\\\/10.png\",\"articleSection\":[\"Ufuk Askero\u011flu\"],\"inLanguage\":\"es\"},{\"@type\":\"WebPage\",\"@id\":\"https:\\\/\\\/ufukaskeroglu.com\\\/es\\\/que-es-el-lifting-de-tercio-medio-facial\\\/\",\"url\":\"https:\\\/\\\/ufukaskeroglu.com\\\/es\\\/que-es-el-lifting-de-tercio-medio-facial\\\/\",\"name\":\"\u00bfQu\u00e9 es el lifting de tercio medio facial? - Ufuk Askero\u011flu\",\"isPartOf\":{\"@id\":\"https:\\\/\\\/ufukaskeroglu.com\\\/#website\"},\"primaryImageOfPage\":{\"@id\":\"https:\\\/\\\/ufukaskeroglu.com\\\/es\\\/que-es-el-lifting-de-tercio-medio-facial\\\/#primaryimage\"},\"image\":{\"@id\":\"https:\\\/\\\/ufukaskeroglu.com\\\/es\\\/que-es-el-lifting-de-tercio-medio-facial\\\/#primaryimage\"},\"thumbnailUrl\":\"https:\\\/\\\/ufukaskeroglu.com\\\/wp-content\\\/uploads\\\/2025\\\/12\\\/10.png\",\"datePublished\":\"2026-02-10T07:01:55+00:00\",\"dateModified\":\"2026-02-10T10:34:24+00:00\",\"description\":\"Bella Eyes \u2013 Trinity Lift \u2013 Facelift \u2013 Dr.Ufuk Askeroglu MD. Master of Facial Rejuvenation \u2013 \u00bfQu\u00e9 es el lifting de tercio medio facial?\",\"breadcrumb\":{\"@id\":\"https:\\\/\\\/ufukaskeroglu.com\\\/es\\\/que-es-el-lifting-de-tercio-medio-facial\\\/#breadcrumb\"},\"inLanguage\":\"es\",\"potentialAction\":[{\"@type\":\"ReadAction\",\"target\":[\"https:\\\/\\\/ufukaskeroglu.com\\\/es\\\/que-es-el-lifting-de-tercio-medio-facial\\\/\"]}]},{\"@type\":\"ImageObject\",\"inLanguage\":\"es\",\"@id\":\"https:\\\/\\\/ufukaskeroglu.com\\\/es\\\/que-es-el-lifting-de-tercio-medio-facial\\\/#primaryimage\",\"url\":\"https:\\\/\\\/ufukaskeroglu.com\\\/wp-content\\\/uploads\\\/2025\\\/12\\\/10.png\",\"contentUrl\":\"https:\\\/\\\/ufukaskeroglu.com\\\/wp-content\\\/uploads\\\/2025\\\/12\\\/10.png\",\"width\":945,\"height\":945,\"caption\":\"What Is Mid-Face Lift\"},{\"@type\":\"BreadcrumbList\",\"@id\":\"https:\\\/\\\/ufukaskeroglu.com\\\/es\\\/que-es-el-lifting-de-tercio-medio-facial\\\/#breadcrumb\",\"itemListElement\":[{\"@type\":\"ListItem\",\"position\":1,\"name\":\"Anasayfa\",\"item\":\"https:\\\/\\\/ufukaskeroglu.com\\\/es\\\/\"},{\"@type\":\"ListItem\",\"position\":2,\"name\":\"\u00bfQu\u00e9 es el lifting de tercio medio facial?\"}]},{\"@type\":\"WebSite\",\"@id\":\"https:\\\/\\\/ufukaskeroglu.com\\\/#website\",\"url\":\"https:\\\/\\\/ufukaskeroglu.com\\\/\",\"name\":\"Dr. Ufuk Askeroglu | Leading Plastic Surgeon in Turkey | Master of Facial Rejuvenation\",\"description\":\"\",\"publisher\":{\"@id\":\"https:\\\/\\\/ufukaskeroglu.com\\\/#\\\/schema\\\/person\\\/269e7a409022187ae82d65c238b2b94d\"},\"potentialAction\":[{\"@type\":\"SearchAction\",\"target\":{\"@type\":\"EntryPoint\",\"urlTemplate\":\"https:\\\/\\\/ufukaskeroglu.com\\\/?s={search_term_string}\"},\"query-input\":{\"@type\":\"PropertyValueSpecification\",\"valueRequired\":true,\"valueName\":\"search_term_string\"}}],\"inLanguage\":\"es\"},{\"@type\":[\"Person\",\"Organization\"],\"@id\":\"https:\\\/\\\/ufukaskeroglu.com\\\/#\\\/schema\\\/person\\\/269e7a409022187ae82d65c238b2b94d\",\"name\":\"ufukaskeroglu\",\"image\":{\"@type\":\"ImageObject\",\"inLanguage\":\"es\",\"@id\":\"https:\\\/\\\/ufukaskeroglu.com\\\/wp-content\\\/uploads\\\/2023\\\/07\\\/cropped-favicon_UA.pnge31fd54b915c8e1a9e226760f99d1cab\",\"url\":\"https:\\\/\\\/ufukaskeroglu.com\\\/wp-content\\\/uploads\\\/2023\\\/07\\\/cropped-favicon_UA.png\",\"contentUrl\":\"https:\\\/\\\/ufukaskeroglu.com\\\/wp-content\\\/uploads\\\/2023\\\/07\\\/cropped-favicon_UA.png\",\"width\":512,\"height\":512,\"caption\":\"ufukaskeroglu\"},\"logo\":{\"@id\":\"https:\\\/\\\/ufukaskeroglu.com\\\/wp-content\\\/uploads\\\/2023\\\/07\\\/cropped-favicon_UA.pnge31fd54b915c8e1a9e226760f99d1cab\"},\"sameAs\":[\"https:\\\/\\\/ufukaskeroglu.com\\\/\"],\"url\":\"https:\\\/\\\/ufukaskeroglu.com\\\/es\\\/author\\\/ufukaskeroglu\\\/\"}]}<\/script>\n<!-- \/ Yoast SEO plugin. -->","yoast_head_json":{"title":"\u00bfQu\u00e9 es el lifting de tercio medio facial? - Ufuk Askero\u011flu","description":"Bella Eyes \u2013 Trinity Lift \u2013 Facelift \u2013 Dr.Ufuk Askeroglu MD. Master of Facial Rejuvenation \u2013 \u00bfQu\u00e9 es el lifting de tercio medio facial?","robots":{"index":"index","follow":"follow","max-snippet":"max-snippet:-1","max-image-preview":"max-image-preview:large","max-video-preview":"max-video-preview:-1"},"canonical":"https:\/\/ufukaskeroglu.com\/es\/que-es-el-lifting-de-tercio-medio-facial\/","og_locale":"es_ES","og_type":"article","og_title":"\u00bfQu\u00e9 es el lifting de tercio medio facial? - Ufuk Askero\u011flu","og_description":"Bella Eyes \u2013 Trinity Lift \u2013 Facelift \u2013 Dr.Ufuk Askeroglu MD. Master of Facial Rejuvenation \u2013 \u00bfQu\u00e9 es el lifting de tercio medio facial?","og_url":"https:\/\/ufukaskeroglu.com\/es\/que-es-el-lifting-de-tercio-medio-facial\/","og_site_name":"Ufuk Askero\u011flu","article_published_time":"2026-02-10T07:01:55+00:00","article_modified_time":"2026-02-10T10:34:24+00:00","og_image":[{"width":945,"height":945,"url":"https:\/\/ufukaskeroglu.com\/wp-content\/uploads\/2025\/12\/10.png","type":"image\/png"}],"author":"ufukaskeroglu","twitter_card":"summary_large_image","twitter_misc":{"Escrito por":"ufukaskeroglu","Tiempo de lectura":"9 minutos"},"schema":{"@context":"https:\/\/schema.org","@graph":[{"@type":"Article","@id":"https:\/\/ufukaskeroglu.com\/es\/que-es-el-lifting-de-tercio-medio-facial\/#article","isPartOf":{"@id":"https:\/\/ufukaskeroglu.com\/es\/que-es-el-lifting-de-tercio-medio-facial\/"},"author":{"name":"ufukaskeroglu","@id":"https:\/\/ufukaskeroglu.com\/#\/schema\/person\/269e7a409022187ae82d65c238b2b94d"},"headline":"\u00bfQu\u00e9 es el lifting de tercio medio facial?","datePublished":"2026-02-10T07:01:55+00:00","dateModified":"2026-02-10T10:34:24+00:00","mainEntityOfPage":{"@id":"https:\/\/ufukaskeroglu.com\/es\/que-es-el-lifting-de-tercio-medio-facial\/"},"wordCount":2335,"publisher":{"@id":"https:\/\/ufukaskeroglu.com\/#\/schema\/person\/269e7a409022187ae82d65c238b2b94d"},"image":{"@id":"https:\/\/ufukaskeroglu.com\/es\/que-es-el-lifting-de-tercio-medio-facial\/#primaryimage"},"thumbnailUrl":"https:\/\/ufukaskeroglu.com\/wp-content\/uploads\/2025\/12\/10.png","articleSection":["Ufuk Askero\u011flu"],"inLanguage":"es"},{"@type":"WebPage","@id":"https:\/\/ufukaskeroglu.com\/es\/que-es-el-lifting-de-tercio-medio-facial\/","url":"https:\/\/ufukaskeroglu.com\/es\/que-es-el-lifting-de-tercio-medio-facial\/","name":"\u00bfQu\u00e9 es el lifting de tercio medio facial? - Ufuk Askero\u011flu","isPartOf":{"@id":"https:\/\/ufukaskeroglu.com\/#website"},"primaryImageOfPage":{"@id":"https:\/\/ufukaskeroglu.com\/es\/que-es-el-lifting-de-tercio-medio-facial\/#primaryimage"},"image":{"@id":"https:\/\/ufukaskeroglu.com\/es\/que-es-el-lifting-de-tercio-medio-facial\/#primaryimage"},"thumbnailUrl":"https:\/\/ufukaskeroglu.com\/wp-content\/uploads\/2025\/12\/10.png","datePublished":"2026-02-10T07:01:55+00:00","dateModified":"2026-02-10T10:34:24+00:00","description":"Bella Eyes \u2013 Trinity Lift \u2013 Facelift \u2013 Dr.Ufuk Askeroglu MD. Master of Facial Rejuvenation \u2013 \u00bfQu\u00e9 es el lifting de tercio medio facial?","breadcrumb":{"@id":"https:\/\/ufukaskeroglu.com\/es\/que-es-el-lifting-de-tercio-medio-facial\/#breadcrumb"},"inLanguage":"es","potentialAction":[{"@type":"ReadAction","target":["https:\/\/ufukaskeroglu.com\/es\/que-es-el-lifting-de-tercio-medio-facial\/"]}]},{"@type":"ImageObject","inLanguage":"es","@id":"https:\/\/ufukaskeroglu.com\/es\/que-es-el-lifting-de-tercio-medio-facial\/#primaryimage","url":"https:\/\/ufukaskeroglu.com\/wp-content\/uploads\/2025\/12\/10.png","contentUrl":"https:\/\/ufukaskeroglu.com\/wp-content\/uploads\/2025\/12\/10.png","width":945,"height":945,"caption":"What Is Mid-Face Lift"},{"@type":"BreadcrumbList","@id":"https:\/\/ufukaskeroglu.com\/es\/que-es-el-lifting-de-tercio-medio-facial\/#breadcrumb","itemListElement":[{"@type":"ListItem","position":1,"name":"Anasayfa","item":"https:\/\/ufukaskeroglu.com\/es\/"},{"@type":"ListItem","position":2,"name":"\u00bfQu\u00e9 es el lifting de tercio medio facial?"}]},{"@type":"WebSite","@id":"https:\/\/ufukaskeroglu.com\/#website","url":"https:\/\/ufukaskeroglu.com\/","name":"Dr. Ufuk Askeroglu | Leading Plastic Surgeon in Turkey | Master of Facial Rejuvenation","description":"","publisher":{"@id":"https:\/\/ufukaskeroglu.com\/#\/schema\/person\/269e7a409022187ae82d65c238b2b94d"},"potentialAction":[{"@type":"SearchAction","target":{"@type":"EntryPoint","urlTemplate":"https:\/\/ufukaskeroglu.com\/?s={search_term_string}"},"query-input":{"@type":"PropertyValueSpecification","valueRequired":true,"valueName":"search_term_string"}}],"inLanguage":"es"},{"@type":["Person","Organization"],"@id":"https:\/\/ufukaskeroglu.com\/#\/schema\/person\/269e7a409022187ae82d65c238b2b94d","name":"ufukaskeroglu","image":{"@type":"ImageObject","inLanguage":"es","@id":"https:\/\/ufukaskeroglu.com\/wp-content\/uploads\/2023\/07\/cropped-favicon_UA.pnge31fd54b915c8e1a9e226760f99d1cab","url":"https:\/\/ufukaskeroglu.com\/wp-content\/uploads\/2023\/07\/cropped-favicon_UA.png","contentUrl":"https:\/\/ufukaskeroglu.com\/wp-content\/uploads\/2023\/07\/cropped-favicon_UA.png","width":512,"height":512,"caption":"ufukaskeroglu"},"logo":{"@id":"https:\/\/ufukaskeroglu.com\/wp-content\/uploads\/2023\/07\/cropped-favicon_UA.pnge31fd54b915c8e1a9e226760f99d1cab"},"sameAs":["https:\/\/ufukaskeroglu.com\/"],"url":"https:\/\/ufukaskeroglu.com\/es\/author\/ufukaskeroglu\/"}]}},"authors":[{"term_id":444,"user_id":1,"is_guest":0,"slug":"ufukaskeroglu","display_name":"ufukaskeroglu","avatar_url":{"url":"https:\/\/ufukaskeroglu.com\/wp-content\/uploads\/2024\/07\/22-2.jpg","url2x":"https:\/\/ufukaskeroglu.com\/wp-content\/uploads\/2024\/07\/22-2.jpg"},"0":null,"1":"","2":"","3":"","4":"","5":"","6":"","7":"","8":""}],"_links":{"self":[{"href":"https:\/\/ufukaskeroglu.com\/es\/wp-json\/wp\/v2\/posts\/43261","targetHints":{"allow":["GET"]}}],"collection":[{"href":"https:\/\/ufukaskeroglu.com\/es\/wp-json\/wp\/v2\/posts"}],"about":[{"href":"https:\/\/ufukaskeroglu.com\/es\/wp-json\/wp\/v2\/types\/post"}],"author":[{"embeddable":true,"href":"https:\/\/ufukaskeroglu.com\/es\/wp-json\/wp\/v2\/users\/1"}],"replies":[{"embeddable":true,"href":"https:\/\/ufukaskeroglu.com\/es\/wp-json\/wp\/v2\/comments?post=43261"}],"version-history":[{"count":2,"href":"https:\/\/ufukaskeroglu.com\/es\/wp-json\/wp\/v2\/posts\/43261\/revisions"}],"predecessor-version":[{"id":43277,"href":"https:\/\/ufukaskeroglu.com\/es\/wp-json\/wp\/v2\/posts\/43261\/revisions\/43277"}],"wp:featuredmedia":[{"embeddable":true,"href":"https:\/\/ufukaskeroglu.com\/es\/wp-json\/wp\/v2\/media\/42876"}],"wp:attachment":[{"href":"https:\/\/ufukaskeroglu.com\/es\/wp-json\/wp\/v2\/media?parent=43261"}],"wp:term":[{"taxonomy":"category","embeddable":true,"href":"https:\/\/ufukaskeroglu.com\/es\/wp-json\/wp\/v2\/categories?post=43261"},{"taxonomy":"post_tag","embeddable":true,"href":"https:\/\/ufukaskeroglu.com\/es\/wp-json\/wp\/v2\/tags?post=43261"},{"taxonomy":"author","embeddable":true,"href":"https:\/\/ufukaskeroglu.com\/es\/wp-json\/wp\/v2\/ppma_author?post=43261"}],"curies":[{"name":"wp","href":"https:\/\/api.w.org\/{rel}","templated":true}]}}