{"id":29682,"date":"2024-09-21T14:09:20","date_gmt":"2024-09-21T11:09:20","guid":{"rendered":"https:\/\/ufukaskeroglu.com\/plastic-surgery-season\/"},"modified":"2024-09-26T16:11:18","modified_gmt":"2024-09-26T13:11:18","slug":"temporada-de-cirurgia-plastica","status":"publish","type":"post","link":"https:\/\/ufukaskeroglu.com\/pt-pt\/temporada-de-cirurgia-plastica\/","title":{"rendered":"Temporada de Cirurgia Pl\u00e1stica"},"content":{"rendered":"[vc_row type=&#8221;in_container&#8221; full_screen_row_position=&#8221;middle&#8221; column_margin=&#8221;default&#8221; column_direction=&#8221;default&#8221; column_direction_tablet=&#8221;default&#8221; column_direction_phone=&#8221;default&#8221; scene_position=&#8221;center&#8221; top_padding=&#8221;3%&#8221; text_color=&#8221;dark&#8221; text_align=&#8221;left&#8221; row_border_radius=&#8221;none&#8221; row_border_radius_applies=&#8221;bg&#8221; overflow=&#8221;visible&#8221; overlay_strength=&#8221;0.3&#8243; gradient_direction=&#8221;left_to_right&#8221; shape_divider_position=&#8221;bottom&#8221; bg_image_animation=&#8221;none&#8221; gradient_type=&#8221;default&#8221; shape_type=&#8221;&#8221;][vc_column column_padding=&#8221;no-extra-padding&#8221; column_padding_tablet=&#8221;inherit&#8221; column_padding_phone=&#8221;inherit&#8221; column_padding_position=&#8221;all&#8221; column_element_direction_desktop=&#8221;default&#8221; column_element_spacing=&#8221;default&#8221; desktop_text_alignment=&#8221;default&#8221; tablet_text_alignment=&#8221;default&#8221; phone_text_alignment=&#8221;default&#8221; background_color_opacity=&#8221;1&#8243; background_hover_color_opacity=&#8221;1&#8243; column_backdrop_filter=&#8221;none&#8221; column_shadow=&#8221;none&#8221; column_border_radius=&#8221;none&#8221; column_link_target=&#8221;_self&#8221; column_position=&#8221;default&#8221; gradient_direction=&#8221;left_to_right&#8221; overlay_strength=&#8221;0.3&#8243; width=&#8221;1\/1&#8243; tablet_width_inherit=&#8221;default&#8221; animation_type=&#8221;default&#8221; bg_image_animation=&#8221;none&#8221; border_type=&#8221;simple&#8221; column_border_width=&#8221;none&#8221; column_border_style=&#8221;solid&#8221;][nectar_responsive_text inherited_font_style=&#8221;default&#8221; text_color=&#8221;#cd853f&#8221; font_size_desktop=&#8221;50&#8243; text_direction=&#8221;default&#8221;]\n<div id=\"ez-toc-container\" class=\"ez-toc-v2_0_82_2 counter-hierarchy ez-toc-counter ez-toc-grey ez-toc-container-direction\">\n<div class=\"ez-toc-title-container\">\n<span class=\"ez-toc-title-toggle\"><a href=\"#\" class=\"ez-toc-pull-right ez-toc-btn ez-toc-btn-xs ez-toc-btn-default ez-toc-toggle\" aria-label=\"Toggle Table of Content\"><span class=\"ez-toc-js-icon-con\"><span class=\"\"><span class=\"eztoc-hide\" style=\"display:none;\">Toggle<\/span><span class=\"ez-toc-icon-toggle-span\"><svg style=\"fill: #999;color:#999\" xmlns=\"http:\/\/www.w3.org\/2000\/svg\" class=\"list-377408\" width=\"20px\" height=\"20px\" viewBox=\"0 0 24 24\" fill=\"none\"><path d=\"M6 6H4v2h2V6zm14 0H8v2h12V6zM4 11h2v2H4v-2zm16 0H8v2h12v-2zM4 16h2v2H4v-2zm16 0H8v2h12v-2z\" fill=\"currentColor\"><\/path><\/svg><svg style=\"fill: #999;color:#999\" class=\"arrow-unsorted-368013\" xmlns=\"http:\/\/www.w3.org\/2000\/svg\" width=\"10px\" height=\"10px\" viewBox=\"0 0 24 24\" version=\"1.2\" baseProfile=\"tiny\"><path d=\"M18.2 9.3l-6.2-6.3-6.2 6.3c-.2.2-.3.4-.3.7s.1.5.3.7c.2.2.4.3.7.3h11c.3 0 .5-.1.7-.3.2-.2.3-.5.3-.7s-.1-.5-.3-.7zM5.8 14.7l6.2 6.3 6.2-6.3c.2-.2.3-.5.3-.7s-.1-.5-.3-.7c-.2-.2-.4-.3-.7-.3h-11c-.3 0-.5.1-.7.3-.2.2-.3.5-.3.7s.1.5.3.7z\"\/><\/svg><\/span><\/span><\/span><\/a><\/span><\/div>\n<nav><ul class='ez-toc-list ez-toc-list-level-1 eztoc-toggle-hide-by-default' ><li class='ez-toc-page-1 ez-toc-heading-level-1'><a class=\"ez-toc-link ez-toc-heading-1\" href=\"https:\/\/ufukaskeroglu.com\/pt-pt\/temporada-de-cirurgia-plastica\/#Temporada_de_Cirurgia_Plastica\" >Temporada de Cirurgia Pl\u00e1stica<\/a><ul class='ez-toc-list-level-2' ><li class='ez-toc-heading-level-2'><a class=\"ez-toc-link ez-toc-heading-2\" href=\"https:\/\/ufukaskeroglu.com\/pt-pt\/temporada-de-cirurgia-plastica\/#A_cirurgia_plastica_tem_uma_epoca_certa_Devo_fazer_uma_cirurgia_plastica_no_inverno_ou_no_verao\" >A cirurgia pl\u00e1stica tem uma \u00e9poca certa? Devo fazer uma cirurgia pl\u00e1stica no inverno ou no ver\u00e3o?<\/a><ul class='ez-toc-list-level-3' ><li class='ez-toc-heading-level-3'><a class=\"ez-toc-link ez-toc-heading-3\" href=\"https:\/\/ufukaskeroglu.com\/pt-pt\/temporada-de-cirurgia-plastica\/#Inverno_vs_Verao_Qual_Estacao_Atende_as_Suas_Necessidades\" >Inverno vs. Ver\u00e3o: Qual Esta\u00e7\u00e3o Atende \u00e0s Suas Necessidades?<\/a><\/li><li class='ez-toc-page-1 ez-toc-heading-level-3'><a class=\"ez-toc-link ez-toc-heading-4\" href=\"https:\/\/ufukaskeroglu.com\/pt-pt\/temporada-de-cirurgia-plastica\/#Cirurgia_Facial_em_Qualquer_Estacao\" >Cirurgia Facial em Qualquer Esta\u00e7\u00e3o<\/a><\/li><li class='ez-toc-page-1 ez-toc-heading-level-3'><a class=\"ez-toc-link ez-toc-heading-5\" href=\"https:\/\/ufukaskeroglu.com\/pt-pt\/temporada-de-cirurgia-plastica\/#Procedimentos_Esteticos_Corporais_Eles_Sao_Melhores_no_Verao\" >Procedimentos Est\u00e9ticos Corporais: Eles S\u00e3o Melhores no Ver\u00e3o?<\/a><\/li><li class='ez-toc-page-1 ez-toc-heading-level-3'><a class=\"ez-toc-link ez-toc-heading-6\" href=\"https:\/\/ufukaskeroglu.com\/pt-pt\/temporada-de-cirurgia-plastica\/#Combinacao_de_Procedimentos_para_Resultados_Ideais\" >Combina\u00e7\u00e3o de Procedimentos para Resultados Ideais<\/a><\/li><li class='ez-toc-page-1 ez-toc-heading-level-3'><a class=\"ez-toc-link ez-toc-heading-7\" href=\"https:\/\/ufukaskeroglu.com\/pt-pt\/temporada-de-cirurgia-plastica\/#Cuidado_Pos-Operatorio_Chave_para_o_Sucesso_em_Qualquer_Estacao\" >Cuidado P\u00f3s-Operat\u00f3rio: Chave para o Sucesso em Qualquer Esta\u00e7\u00e3o<\/a><\/li><li class='ez-toc-page-1 ez-toc-heading-level-3'><a class=\"ez-toc-link ez-toc-heading-8\" href=\"https:\/\/ufukaskeroglu.com\/pt-pt\/temporada-de-cirurgia-plastica\/#Especializacao_e_Inovacao_O_Tempo_e_Irrelevante\" >Especializa\u00e7\u00e3o e Inova\u00e7\u00e3o: O Tempo \u00e9 Irrelevante<\/a><\/li><li class='ez-toc-page-1 ez-toc-heading-level-3'><a class=\"ez-toc-link ez-toc-heading-9\" href=\"https:\/\/ufukaskeroglu.com\/pt-pt\/temporada-de-cirurgia-plastica\/#Fazendo_a_Escolha_Certa_para_a_Sua_Estacao_de_Cirurgiao_Plastico\" >Fazendo a Escolha Certa para a Sua Esta\u00e7\u00e3o de Cirurgi\u00e3o Pl\u00e1stico<\/a><\/li><\/ul><\/li><\/ul><\/li><\/ul><\/nav><\/div>\n<h1 style=\"text-align: center;\"><span class=\"ez-toc-section\" id=\"Temporada_de_Cirurgia_Plastica\"><\/span>Temporada de Cirurgia Pl\u00e1stica<span class=\"ez-toc-section-end\"><\/span><\/h1>\n[\/nectar_responsive_text][\/vc_column][vc_column column_padding=&#8221;no-extra-padding&#8221; column_padding_tablet=&#8221;inherit&#8221; column_padding_phone=&#8221;inherit&#8221; column_padding_position=&#8221;all&#8221; column_element_direction_desktop=&#8221;default&#8221; column_element_spacing=&#8221;default&#8221; desktop_text_alignment=&#8221;default&#8221; tablet_text_alignment=&#8221;default&#8221; phone_text_alignment=&#8221;default&#8221; background_color_opacity=&#8221;1&#8243; background_hover_color_opacity=&#8221;1&#8243; column_backdrop_filter=&#8221;none&#8221; column_shadow=&#8221;none&#8221; column_border_radius=&#8221;none&#8221; column_link_target=&#8221;_self&#8221; column_position=&#8221;default&#8221; gradient_direction=&#8221;left_to_right&#8221; overlay_strength=&#8221;0.3&#8243; width=&#8221;1\/1&#8243; tablet_width_inherit=&#8221;default&#8221; animation_type=&#8221;default&#8221; bg_image_animation=&#8221;none&#8221; border_type=&#8221;simple&#8221; column_border_width=&#8221;none&#8221; column_border_style=&#8221;solid&#8221;][vc_row_inner column_margin=&#8221;default&#8221; column_direction=&#8221;default&#8221; column_direction_tablet=&#8221;default&#8221; column_direction_phone=&#8221;default&#8221; text_align=&#8221;left&#8221; row_position=&#8221;default&#8221; row_position_tablet=&#8221;inherit&#8221; row_position_phone=&#8221;inherit&#8221; overflow=&#8221;visible&#8221; pointer_events=&#8221;all&#8221;][vc_column_inner column_padding=&#8221;no-extra-padding&#8221; column_padding_tablet=&#8221;inherit&#8221; column_padding_phone=&#8221;inherit&#8221; column_padding_position=&#8221;all&#8221; column_element_direction_desktop=&#8221;default&#8221; column_element_spacing=&#8221;default&#8221; desktop_text_alignment=&#8221;default&#8221; tablet_text_alignment=&#8221;default&#8221; phone_text_alignment=&#8221;default&#8221; background_color_opacity=&#8221;1&#8243; background_hover_color_opacity=&#8221;1&#8243; column_backdrop_filter=&#8221;none&#8221; column_shadow=&#8221;none&#8221; column_border_radius=&#8221;none&#8221; column_link_target=&#8221;_self&#8221; overflow=&#8221;visible&#8221; gradient_direction=&#8221;left_to_right&#8221; overlay_strength=&#8221;0.3&#8243; width=&#8221;1\/2&#8243; tablet_width_inherit=&#8221;default&#8221; animation_type=&#8221;default&#8221; bg_image_animation=&#8221;none&#8221; border_type=&#8221;simple&#8221; column_border_width=&#8221;none&#8221; column_border_style=&#8221;solid&#8221;][divider line_type=&#8221;No Line&#8221; custom_height=&#8221;100&#8243;][image_with_animation image_url=&#8221;29475&#8243; image_size=&#8221;full&#8221; animation_type=&#8221;entrance&#8221; animation=&#8221;None&#8221; animation_movement_type=&#8221;transform_y&#8221; hover_animation=&#8221;none&#8221; alignment=&#8221;center&#8221; border_radius=&#8221;none&#8221; box_shadow=&#8221;none&#8221; image_loading=&#8221;default&#8221; max_width=&#8221;100%&#8221; max_width_mobile=&#8221;150%&#8221; img_link=&#8221;https:\/\/www.instagram.com\/drufukaskeroglu\/&#8221;][\/vc_column_inner][vc_column_inner column_padding=&#8221;no-extra-padding&#8221; column_padding_tablet=&#8221;inherit&#8221; column_padding_phone=&#8221;inherit&#8221; column_padding_position=&#8221;all&#8221; column_element_direction_desktop=&#8221;default&#8221; column_element_spacing=&#8221;default&#8221; desktop_text_alignment=&#8221;default&#8221; tablet_text_alignment=&#8221;default&#8221; phone_text_alignment=&#8221;default&#8221; background_color_opacity=&#8221;1&#8243; background_hover_color_opacity=&#8221;1&#8243; column_backdrop_filter=&#8221;none&#8221; column_shadow=&#8221;none&#8221; column_border_radius=&#8221;none&#8221; column_link_target=&#8221;_self&#8221; overflow=&#8221;visible&#8221; gradient_direction=&#8221;left_to_right&#8221; overlay_strength=&#8221;0.3&#8243; width=&#8221;1\/2&#8243; tablet_width_inherit=&#8221;default&#8221; animation_type=&#8221;default&#8221; bg_image_animation=&#8221;none&#8221; border_type=&#8221;simple&#8221; column_border_width=&#8221;none&#8221; column_border_style=&#8221;solid&#8221;][divider line_type=&#8221;No Line&#8221; custom_height=&#8221;100&#8243;][vc_column_text text_direction=&#8221;default&#8221;]\n<h2 style=\"color: #006039;\"><span class=\"ez-toc-section\" id=\"A_cirurgia_plastica_tem_uma_epoca_certa_Devo_fazer_uma_cirurgia_plastica_no_inverno_ou_no_verao\"><\/span><strong>A cirurgia pl\u00e1stica tem uma \u00e9poca certa? Devo fazer uma cirurgia pl\u00e1stica no inverno ou no ver\u00e3o?<\/strong><span class=\"ez-toc-section-end\"><\/span><\/h2>\n<p>A primeira pergunta que a maioria dos pacientes faz ao considerar a cirurgia pl\u00e1stica \u00e9 se existe uma \u00e9poca espec\u00edfica do ano que seja melhor para o procedimento. Alguns dizem que o inverno \u00e9 melhor, enquanto outros proclamam o ver\u00e3o como a esta\u00e7\u00e3o ideal do ano. Bom, o problema \u00e9 que a cirurgia pl\u00e1stica n\u00e3o tem \u00e9poca certa. \u00c9 apenas uma quest\u00e3o de <a href=\"https:\/\/bellaeyes.com.tr\/\">quando<\/a> a cirurgia \u00e9 necess\u00e1ria de acordo com <a href=\"https:\/\/ufukaskeroglu.com\/pt-pt \/bichectomia-na-turquia\/\">necessidades<\/a> e estilo de vida, levando em considera\u00e7\u00e3o as instru\u00e7\u00f5es p\u00f3s-operat\u00f3rias ao p\u00e9 da letra. Ufuk Askero\u011flu tem mais de 12 anos de experi\u00eancia em rejuvenescimento facial e afirma que a cirurgia pl\u00e1stica pode ser realizada em qualquer \u00e9poca do ano.[\/vc_column_text][\/vc_column_inner][\/vc_row_inner][\/vc_column][vc_column column_padding=&#8221;no-extra-padding&#8221; column_padding_tablet=&#8221;inherit&#8221; column_padding_phone=&#8221;inherit&#8221; column_padding_position=&#8221;all&#8221; column_element_direction_desktop=&#8221;default&#8221; column_element_spacing=&#8221;default&#8221; desktop_text_alignment=&#8221;default&#8221; tablet_text_alignment=&#8221;default&#8221; phone_text_alignment=&#8221;default&#8221; background_color_opacity=&#8221;1&#8243; background_hover_color_opacity=&#8221;1&#8243; column_backdrop_filter=&#8221;none&#8221; column_shadow=&#8221;none&#8221; column_border_radius=&#8221;none&#8221; column_link_target=&#8221;_self&#8221; column_position=&#8221;default&#8221; gradient_direction=&#8221;left_to_right&#8221; overlay_strength=&#8221;0.3&#8243; width=&#8221;1\/1&#8243; tablet_width_inherit=&#8221;default&#8221; animation_type=&#8221;default&#8221; bg_image_animation=&#8221;none&#8221; border_type=&#8221;simple&#8221; column_border_width=&#8221;none&#8221; column_border_style=&#8221;solid&#8221;][divider line_type=&#8221;No Line&#8221; custom_height=&#8221;20&#8243;][vc_column_text text_direction=&#8221;default&#8221;]Depende do estilo de vida e da prefer\u00eancia pessoal do indiv\u00edduo. O Dr. Ufuk Askero\u011flu enfatiza que os pacientes podem se submeter a cirurgias com seguran\u00e7a no inverno, no ver\u00e3o ou em qualquer \u00e9poca do ano. A chave para uma recupera\u00e7\u00e3o bem-sucedida est\u00e1 em seguir cuidadosamente as instru\u00e7\u00f5es de cuidados p\u00f3s-operat\u00f3rios. Seja uma cirurgia de lifting facial profundo e pesco\u00e7o ou contorno corporal, bons cuidados prometem um processo de cicatriza\u00e7\u00e3o tranquilo, independentemente da esta\u00e7\u00e3o.<\/p>\n<h3 style=\"color: #006039;\"><span class=\"ez-toc-section\" id=\"Inverno_vs_Verao_Qual_Estacao_Atende_as_Suas_Necessidades\"><\/span><strong>Inverno vs. Ver\u00e3o: Qual Esta\u00e7\u00e3o Atende \u00e0s Suas Necessidades?<\/strong><span class=\"ez-toc-section-end\"><\/span><\/h3>\n<p>Alguns preferem que suas cirurgias pl\u00e1sticas sejam realizadas no inverno, enquanto para outros, o ver\u00e3o \u00e9 a melhor op\u00e7\u00e3o. Essencialmente, ambas as esta\u00e7\u00f5es t\u00eam suas pr\u00f3prias vantagens, dependendo da natureza do procedimento e das circunst\u00e2ncias pessoais.<br \/>\nPor exemplo, o inverno pode ser um \u00f3timo momento para considerar cirurgias faciais como lifting de sobrancelhas ou Bella Eyes\u00ae, pois o clima mais frio permite o uso de len\u00e7os e chap\u00e9us.<\/p>\n<p>Por outro lado, o ver\u00e3o pode ser um melhor momento para cirurgias corporais, como lipoaspira\u00e7\u00e3o, pois isso permitiria tempo suficiente para alcan\u00e7ar resultados prontos para a praia. O Dr. Ufuk Askero\u011flu gerencia mais de <strong style=\"color: #006039;\">8.000<\/strong> cirurgias pl\u00e1sticas faciais e corporais bem-sucedidas, mas ele ressalta que cada paciente deve avaliar sua agenda, compromissos de trabalho e planos de viagem ao escolher a esta\u00e7\u00e3o certa para a cirurgia.<\/p>\n<h3 style=\"color: #006039;\"><span class=\"ez-toc-section\" id=\"Cirurgia_Facial_em_Qualquer_Estacao\"><\/span><strong>Cirurgia Facial em Qualquer Esta\u00e7\u00e3o<\/strong><span class=\"ez-toc-section-end\"><\/span><\/h3>\n<p>As cirurgias faciais est\u00e3o sempre em alta demanda, fa\u00e7a sol ou chuva. Na verdade, com o avan\u00e7o de t\u00e9cnicas como o rejuvenescimento facial endosc\u00f3pico, pioneirado pelo Dr. Askero\u011flu, a recupera\u00e7\u00e3o se tornou f\u00e1cil e r\u00e1pida. Se voc\u00ea optar por um lifting facial profundo e pesco\u00e7o ou um lifting de sobrancelhas, os resultados durar\u00e3o muitos anos. O Dr. Askero\u011flu j\u00e1 realizou mais de <strong style=\"color: #006039;\">1.000<\/strong> lifting de sobrancelhas at\u00e9 o momento, e isso realmente comprova sua maestria em rejuvenescimento facial.<br \/>\nOs procedimentos faciais s\u00e3o geralmente escolhidos com base na efic\u00e1cia do procedimento para rejuvenescer e renovar a apar\u00eancia. Desde um Trinity Lift at\u00e9 um <a href=\"https:\/\/bellaeyes.com.tr\/\">Bella Eyes\u00ae<\/a>, a recupera\u00e7\u00e3o pode ser facilmente gerida com os cuidados adequados, independentemente da esta\u00e7\u00e3o. Protetor solar ou chap\u00e9us nos meses de ver\u00e3o, compressas frias no inverno\u2014depende apenas da \u00e9poca do ano. Essa <a href=\"https:\/\/bellaeyes.com.tr\/\">flexibilidade<\/a> deixa claro que n\u00e3o existe uma esta\u00e7\u00e3o definida para cirurgias pl\u00e1sticas de rejuvenescimento facial.<\/p>\n<h3 style=\"color: #006039;\"><span class=\"ez-toc-section\" id=\"Procedimentos_Esteticos_Corporais_Eles_Sao_Melhores_no_Verao\"><\/span><strong>Procedimentos Est\u00e9ticos Corporais: Eles S\u00e3o Melhores no Ver\u00e3o?<\/strong><span class=\"ez-toc-section-end\"><\/span><\/h3>\n<p>Alguns pacientes podem sentir que os procedimentos est\u00e9ticos corporais s\u00e3o melhores no ver\u00e3o, pois isso lhes daria tempo suficiente para que os resultados se estabelecessem antes da temporada de praia. O Dr. Askero\u011flu frequentemente recomenda que pacientes que planejam contorno corporal\u2014como lipoaspira\u00e7\u00e3o ou mesmo abdominoplastia\u2014devem permitir um per\u00edodo de recupera\u00e7\u00e3o em conson\u00e2ncia com os planos que possuem.<br \/>\nEmbora muitas pessoas prefiram o ver\u00e3o para mostrar seus novos corpos, cirurgias corporais podem ser realizadas a qualquer \u00e9poca do ano. O que \u00e9 mais cr\u00edtico \u00e9 uma recupera\u00e7\u00e3o suave com base nas instru\u00e7\u00f5es fornecidas pelo cirurgi\u00e3o. Isso inclui o uso de roupas de compress\u00e3o, manter n\u00edveis de hidrata\u00e7\u00e3o adequados e evitar atividades extenuantes para ajudar a garantir o sucesso da cirurgia. Desde que esses passos sejam seguidos, a esta\u00e7\u00e3o para cirurgias pl\u00e1sticas tamb\u00e9m \u00e9 flex\u00edvel.<\/p>\n<h3 style=\"color: #006039;\"><span class=\"ez-toc-section\" id=\"Combinacao_de_Procedimentos_para_Resultados_Ideais\"><\/span><strong>Combina\u00e7\u00e3o de Procedimentos para Resultados Ideais<\/strong><span class=\"ez-toc-section-end\"><\/span><\/h3>\n<p>Uma boa coisa sobre a cirurgia est\u00e9tica \u00e9 que n\u00e3o se limita a um \u00fanico procedimento por vez. Qualquer \u00e9poca do ano pode funcionar bem, seja ver\u00e3o ou inverno. \u00c0s vezes, o Dr. Ufuk Askero\u011flu at\u00e9 realiza duas ou mais cirurgias faciais, como a cirurgia de lifting de sobrancelhas e contorno corporal, para um paciente que deseja uma mudan\u00e7a geral na apar\u00eancia. Isso economiza para o paciente passar por dois per\u00edodos de recupera\u00e7\u00e3o, o que \u00e9 sempre f\u00e1cil de gerenciar em rela\u00e7\u00e3o ao tempo livre do trabalho ou outras atividades sociais.<br \/>\nAl\u00e9m disso, os pacientes que desejam rejuvenescimento facial podem se beneficiar das t\u00e9cnicas inovadoras do Dr. Askero\u011flu que <a href=\"https:\/\/bellaeyes.com.tr\/\">visam<\/a> uma \u00e1rea espec\u00edfica do rosto para um resultado natural e dur\u00e1vel, como o Hollywood Face ou SOS Surgery (Modelagem Supraorbit\u00e1ria). A combina\u00e7\u00e3o de procedimentos reduz a necessidade de planejar cirurgias em torno de uma esta\u00e7\u00e3o espec\u00edfica de cirurgi\u00e3o pl\u00e1stico, uma vez que eles obter\u00e3o o visual desejado de uma s\u00f3 vez.<\/p>\n<h3 style=\"color: #006039;\"><span class=\"ez-toc-section\" id=\"Cuidado_Pos-Operatorio_Chave_para_o_Sucesso_em_Qualquer_Estacao\"><\/span><strong>Cuidado P\u00f3s-Operat\u00f3rio: Chave para o Sucesso em Qualquer Esta\u00e7\u00e3o<\/strong><span class=\"ez-toc-section-end\"><\/span><\/h3>\n<p>Em qualquer esta\u00e7\u00e3o, os cuidados p\u00f3s-operat\u00f3rios s\u00e3o fundamentais para garantir uma recupera\u00e7\u00e3o tranquila e bem-sucedida. O Dr. Askero\u011flu afirma: &#8220;O cuidado nos per\u00edodos p\u00f3s-operat\u00f3rios requer que os pacientes sigam as instru\u00e7\u00f5es dadas rigorosamente.&#8221; Ele disse que isso inclui evitar o sol e a exposi\u00e7\u00e3o direta ao sol, especialmente ap\u00f3s cirurgias faciais, al\u00e9m de usar prote\u00e7\u00e3o adequada, como protetor solar e \u00f3culos de sol durante os meses de ver\u00e3o.<br \/>\nPor exemplo, durante o inverno, os pacientes que se recuperam em climas frios precisam saber como manter suas incis\u00f5es limpas e secas. Uma dieta nutricional adequada, hidrata\u00e7\u00e3o e um bom descanso em qualquer \u00e9poca do ano s\u00e3o exatamente aquelas coisas que contribuem para a recupera\u00e7\u00e3o. Com essas observa\u00e7\u00f5es, o aspecto sazonal para um cirurgi\u00e3o pl\u00e1stico \u00e9 irrelevante.<\/p>\n<h3 style=\"color: #006039;\"><span class=\"ez-toc-section\" id=\"Especializacao_e_Inovacao_O_Tempo_e_Irrelevante\"><\/span><strong>Especializa\u00e7\u00e3o e Inova\u00e7\u00e3o: O Tempo \u00e9 Irrelevante<\/strong><span class=\"ez-toc-section-end\"><\/span><\/h3>\n<p>O Dr. Ufuk Askero\u011flu \u00e9 um dos nomes de destaque entre os cirurgi\u00f5es pl\u00e1sticos, com t\u00e9cnicas avan\u00e7adas pioneiras em Bella Eyes\u00ae, Trinity Lift e Hollywood Face. Ele ministra cursos de treinamento para outros cirurgi\u00f5es que desejam aprender essas t\u00e9cnicas inovadoras internacionalmente. Com mais de <strong style=\"color: #006039;\">12<\/strong> anos de experi\u00eancia, o Dr. Askero\u011flu desenvolve maestria nas artes do rejuvenescimento facial e est\u00e9tica corporal, garantindo resultados de alta qualidade durante todo o ano.<br \/>\nGra\u00e7as \u00e0 sua vasta experi\u00eancia e metodologia moderna, os pacientes podem ter certeza de que qualquer \u00e9poca do ano \u00e9 adequada para o procedimento escolhido. Seja uma transforma\u00e7\u00e3o de f\u00e9rias de ver\u00e3o ou um refresco nas <a href=\"https:\/\/bellaeyes.com.tr\/\">caracter\u00edsticas<\/a> faciais no inverno; as fotos de antes e depois dizem tudo.<\/p>\n<h3 style=\"color: #006039;\"><span class=\"ez-toc-section\" id=\"Fazendo_a_Escolha_Certa_para_a_Sua_Estacao_de_Cirurgiao_Plastico\"><\/span><strong>Fazendo a Escolha Certa para a Sua Esta\u00e7\u00e3o de Cirurgi\u00e3o Pl\u00e1stico<\/strong><span class=\"ez-toc-section-end\"><\/span><\/h3>\n<p>Em \u00faltima an\u00e1lise, o melhor momento para a cirurgia pl\u00e1stica est\u00e1 relacionado a metas pessoais, estilo de vida e expectativas de recupera\u00e7\u00e3o. Alguns preferem agendar no inverno devido ao clima mais frio; outros acham o ver\u00e3o mais adequado, programando em torno de f\u00e9rias ou eventos sociais. O mais importante \u00e9 consultar um cirurgi\u00e3o experiente que o ajudar\u00e1 a guiar todo o processo para obter o resultado desejado, independentemente da esta\u00e7\u00e3o.<br \/>\nIsso significa que ele j\u00e1 realizou facilmente mais de <strong style=\"color: #006039;\">8.000<\/strong> cirurgias, \u00e9 um mestre em lifting facial profundo e pesco\u00e7o, al\u00e9m de uma variedade de cirurgias faciais e corporais, e \u00e9 realmente capaz de oferecer resultados incr\u00edveis em qualquer \u00e9poca do ano.<\/p>\n<p><strong style=\"color: #006039;\">Conclus\u00e3o:<\/strong> Portanto, n\u00e3o existe, de fato, uma esta\u00e7\u00e3o para cirurgi\u00e3o pl\u00e1stico. Com um planejamento adequado e ades\u00e3o aos cuidados p\u00f3s-operat\u00f3rios, \u00e9 poss\u00edvel realizar os procedimentos desejados com seguran\u00e7a em qualquer \u00e9poca do ano que for conveniente. Seja rejuvenescimento facial ou contorno corporal que voc\u00ea deseja, os resultados certamente far\u00e3o voc\u00ea se sentir mais confiante consigo mesmo, independentemente da esta\u00e7\u00e3o do ano[\/vc_column_text][divider line_type=&#8221;No Line&#8221; custom_height=&#8221;20&#8243;][\/vc_column][\/vc_row][vc_row type=&#8221;in_container&#8221; full_screen_row_position=&#8221;middle&#8221; column_margin=&#8221;default&#8221; column_direction=&#8221;default&#8221; column_direction_tablet=&#8221;default&#8221; column_direction_phone=&#8221;default&#8221; scene_position=&#8221;center&#8221; text_color=&#8221;dark&#8221; text_align=&#8221;left&#8221; row_border_radius=&#8221;none&#8221; row_border_radius_applies=&#8221;bg&#8221; overflow=&#8221;visible&#8221; overlay_strength=&#8221;0.3&#8243; gradient_direction=&#8221;left_to_right&#8221; shape_divider_position=&#8221;bottom&#8221; bg_image_animation=&#8221;none&#8221;][vc_column column_padding=&#8221;no-extra-padding&#8221; column_padding_tablet=&#8221;inherit&#8221; column_padding_phone=&#8221;inherit&#8221; column_padding_position=&#8221;all&#8221; column_element_direction_desktop=&#8221;default&#8221; column_element_spacing=&#8221;default&#8221; desktop_text_alignment=&#8221;default&#8221; tablet_text_alignment=&#8221;default&#8221; phone_text_alignment=&#8221;default&#8221; background_color_opacity=&#8221;1&#8243; background_hover_color_opacity=&#8221;1&#8243; column_backdrop_filter=&#8221;none&#8221; column_shadow=&#8221;none&#8221; column_border_radius=&#8221;none&#8221; column_link_target=&#8221;_self&#8221; column_position=&#8221;default&#8221; gradient_direction=&#8221;left_to_right&#8221; overlay_strength=&#8221;0.3&#8243; width=&#8221;1\/1&#8243; tablet_width_inherit=&#8221;default&#8221; animation_type=&#8221;default&#8221; bg_image_animation=&#8221;none&#8221; border_type=&#8221;simple&#8221; column_border_width=&#8221;none&#8221; column_border_style=&#8221;solid&#8221;][vc_raw_html]JTVCaW5zdGFncmFtLWZlZWQlMjBmZWVkJTNEMSU1RA==[\/vc_raw_html][\/vc_column][\/vc_row]\n","protected":false},"excerpt":{"rendered":"<p>The first question most patients ask when considering plastic surgery is whether there is a particular time of year that is best for the procedure. Some say winter is better, while some proclaim summer the ideal season of the year. <\/p>\n","protected":false},"author":1,"featured_media":29480,"comment_status":"closed","ping_status":"closed","sticky":false,"template":"","format":"standard","meta":{"footnotes":""},"categories":[403],"tags":[],"ppma_author":[444],"class_list":{"0":"post-29682","1":"post","2":"type-post","3":"status-publish","4":"format-standard","5":"has-post-thumbnail","7":"category-ufuk-askeroglu-pt-pt"},"yoast_head":"<!-- This site is optimized with the Yoast SEO plugin v27.5 - https:\/\/yoast.com\/product\/yoast-seo-wordpress\/ -->\n<title>Temporada de Cirurgia Pl\u00e1stica - Ufuk Askero\u011flu<\/title>\n<meta name=\"description\" content=\"Pacotes com tudo inclu\u00eddo - Mais de 8.000 pacientes satisfeitos - Bella Eyes - Trinity Lift - Facelift-Temporada de Cirurgia Pl\u00e1stica\" \/>\n<meta name=\"robots\" content=\"index, follow, max-snippet:-1, max-image-preview:large, max-video-preview:-1\" \/>\n<link rel=\"canonical\" href=\"https:\/\/ufukaskeroglu.com\/pt-pt\/temporada-de-cirurgia-plastica\/\" \/>\n<meta property=\"og:locale\" content=\"pt_PT\" \/>\n<meta property=\"og:type\" content=\"article\" \/>\n<meta property=\"og:title\" content=\"Temporada de Cirurgia Pl\u00e1stica - Ufuk Askero\u011flu\" \/>\n<meta property=\"og:description\" content=\"Pacotes com tudo inclu\u00eddo - Mais de 8.000 pacientes satisfeitos - Bella Eyes - Trinity Lift - Facelift-Temporada de Cirurgia Pl\u00e1stica\" \/>\n<meta property=\"og:url\" content=\"https:\/\/ufukaskeroglu.com\/pt-pt\/temporada-de-cirurgia-plastica\/\" \/>\n<meta property=\"og:site_name\" content=\"Ufuk Askero\u011flu\" \/>\n<meta property=\"article:published_time\" content=\"2024-09-21T11:09:20+00:00\" \/>\n<meta property=\"article:modified_time\" content=\"2024-09-26T13:11:18+00:00\" \/>\n<meta property=\"og:image\" content=\"https:\/\/ufukaskeroglu.com\/wp-content\/uploads\/2024\/09\/Elegant-Makeup-Tutorial-Instagram-Post-1-jpg.avif\" \/>\n\t<meta property=\"og:image:width\" content=\"1080\" \/>\n\t<meta property=\"og:image:height\" content=\"1080\" \/>\n\t<meta property=\"og:image:type\" content=\"image\/jpeg\" \/>\n<meta name=\"author\" content=\"ufukaskeroglu\" \/>\n<meta name=\"twitter:card\" content=\"summary_large_image\" \/>\n<meta name=\"twitter:label1\" content=\"Escrito por\" \/>\n\t<meta name=\"twitter:data1\" content=\"ufukaskeroglu\" \/>\n\t<meta name=\"twitter:label2\" content=\"Tempo estimado de leitura\" \/>\n\t<meta name=\"twitter:data2\" content=\"7 minutos\" \/>\n<script type=\"application\/ld+json\" class=\"yoast-schema-graph\">{\"@context\":\"https:\\\/\\\/schema.org\",\"@graph\":[{\"@type\":\"Article\",\"@id\":\"https:\\\/\\\/ufukaskeroglu.com\\\/pt-pt\\\/temporada-de-cirurgia-plastica\\\/#article\",\"isPartOf\":{\"@id\":\"https:\\\/\\\/ufukaskeroglu.com\\\/pt-pt\\\/temporada-de-cirurgia-plastica\\\/\"},\"author\":{\"name\":\"ufukaskeroglu\",\"@id\":\"https:\\\/\\\/ufukaskeroglu.com\\\/#\\\/schema\\\/person\\\/269e7a409022187ae82d65c238b2b94d\"},\"headline\":\"Temporada de Cirurgia Pl\u00e1stica\",\"datePublished\":\"2024-09-21T11:09:20+00:00\",\"dateModified\":\"2024-09-26T13:11:18+00:00\",\"mainEntityOfPage\":{\"@id\":\"https:\\\/\\\/ufukaskeroglu.com\\\/pt-pt\\\/temporada-de-cirurgia-plastica\\\/\"},\"wordCount\":2283,\"publisher\":{\"@id\":\"https:\\\/\\\/ufukaskeroglu.com\\\/#\\\/schema\\\/person\\\/269e7a409022187ae82d65c238b2b94d\"},\"image\":{\"@id\":\"https:\\\/\\\/ufukaskeroglu.com\\\/pt-pt\\\/temporada-de-cirurgia-plastica\\\/#primaryimage\"},\"thumbnailUrl\":\"https:\\\/\\\/ufukaskeroglu.com\\\/wp-content\\\/uploads\\\/2024\\\/09\\\/Elegant-Makeup-Tutorial-Instagram-Post-1-jpg.avif\",\"articleSection\":[\"Ufuk Askero\u011flu\"],\"inLanguage\":\"pt-PT\"},{\"@type\":\"WebPage\",\"@id\":\"https:\\\/\\\/ufukaskeroglu.com\\\/pt-pt\\\/temporada-de-cirurgia-plastica\\\/\",\"url\":\"https:\\\/\\\/ufukaskeroglu.com\\\/pt-pt\\\/temporada-de-cirurgia-plastica\\\/\",\"name\":\"Temporada de Cirurgia Pl\u00e1stica - Ufuk Askero\u011flu\",\"isPartOf\":{\"@id\":\"https:\\\/\\\/ufukaskeroglu.com\\\/#website\"},\"primaryImageOfPage\":{\"@id\":\"https:\\\/\\\/ufukaskeroglu.com\\\/pt-pt\\\/temporada-de-cirurgia-plastica\\\/#primaryimage\"},\"image\":{\"@id\":\"https:\\\/\\\/ufukaskeroglu.com\\\/pt-pt\\\/temporada-de-cirurgia-plastica\\\/#primaryimage\"},\"thumbnailUrl\":\"https:\\\/\\\/ufukaskeroglu.com\\\/wp-content\\\/uploads\\\/2024\\\/09\\\/Elegant-Makeup-Tutorial-Instagram-Post-1-jpg.avif\",\"datePublished\":\"2024-09-21T11:09:20+00:00\",\"dateModified\":\"2024-09-26T13:11:18+00:00\",\"description\":\"Pacotes com tudo inclu\u00eddo - Mais de 8.000 pacientes satisfeitos - Bella Eyes - Trinity Lift - Facelift-Temporada de Cirurgia Pl\u00e1stica\",\"breadcrumb\":{\"@id\":\"https:\\\/\\\/ufukaskeroglu.com\\\/pt-pt\\\/temporada-de-cirurgia-plastica\\\/#breadcrumb\"},\"inLanguage\":\"pt-PT\",\"potentialAction\":[{\"@type\":\"ReadAction\",\"target\":[\"https:\\\/\\\/ufukaskeroglu.com\\\/pt-pt\\\/temporada-de-cirurgia-plastica\\\/\"]}]},{\"@type\":\"ImageObject\",\"inLanguage\":\"pt-PT\",\"@id\":\"https:\\\/\\\/ufukaskeroglu.com\\\/pt-pt\\\/temporada-de-cirurgia-plastica\\\/#primaryimage\",\"url\":\"https:\\\/\\\/ufukaskeroglu.com\\\/wp-content\\\/uploads\\\/2024\\\/09\\\/Elegant-Makeup-Tutorial-Instagram-Post-1-jpg.avif\",\"contentUrl\":\"https:\\\/\\\/ufukaskeroglu.com\\\/wp-content\\\/uploads\\\/2024\\\/09\\\/Elegant-Makeup-Tutorial-Instagram-Post-1-jpg.avif\",\"width\":1080,\"height\":1080,\"caption\":\"Plastic Surgery Season\"},{\"@type\":\"BreadcrumbList\",\"@id\":\"https:\\\/\\\/ufukaskeroglu.com\\\/pt-pt\\\/temporada-de-cirurgia-plastica\\\/#breadcrumb\",\"itemListElement\":[{\"@type\":\"ListItem\",\"position\":1,\"name\":\"Anasayfa\",\"item\":\"https:\\\/\\\/ufukaskeroglu.com\\\/pt-pt\\\/\"},{\"@type\":\"ListItem\",\"position\":2,\"name\":\"Temporada de Cirurgia Pl\u00e1stica\"}]},{\"@type\":\"WebSite\",\"@id\":\"https:\\\/\\\/ufukaskeroglu.com\\\/#website\",\"url\":\"https:\\\/\\\/ufukaskeroglu.com\\\/\",\"name\":\"Dr. Ufuk Askeroglu | Leading Plastic Surgeon in Turkey | Master of Facial Rejuvenation\",\"description\":\"\",\"publisher\":{\"@id\":\"https:\\\/\\\/ufukaskeroglu.com\\\/#\\\/schema\\\/person\\\/269e7a409022187ae82d65c238b2b94d\"},\"potentialAction\":[{\"@type\":\"SearchAction\",\"target\":{\"@type\":\"EntryPoint\",\"urlTemplate\":\"https:\\\/\\\/ufukaskeroglu.com\\\/?s={search_term_string}\"},\"query-input\":{\"@type\":\"PropertyValueSpecification\",\"valueRequired\":true,\"valueName\":\"search_term_string\"}}],\"inLanguage\":\"pt-PT\"},{\"@type\":[\"Person\",\"Organization\"],\"@id\":\"https:\\\/\\\/ufukaskeroglu.com\\\/#\\\/schema\\\/person\\\/269e7a409022187ae82d65c238b2b94d\",\"name\":\"ufukaskeroglu\",\"image\":{\"@type\":\"ImageObject\",\"inLanguage\":\"pt-PT\",\"@id\":\"https:\\\/\\\/ufukaskeroglu.com\\\/wp-content\\\/uploads\\\/2023\\\/07\\\/cropped-favicon_UA.pnge31fd54b915c8e1a9e226760f99d1cab\",\"url\":\"https:\\\/\\\/ufukaskeroglu.com\\\/wp-content\\\/uploads\\\/2023\\\/07\\\/cropped-favicon_UA.png\",\"contentUrl\":\"https:\\\/\\\/ufukaskeroglu.com\\\/wp-content\\\/uploads\\\/2023\\\/07\\\/cropped-favicon_UA.png\",\"width\":512,\"height\":512,\"caption\":\"ufukaskeroglu\"},\"logo\":{\"@id\":\"https:\\\/\\\/ufukaskeroglu.com\\\/wp-content\\\/uploads\\\/2023\\\/07\\\/cropped-favicon_UA.pnge31fd54b915c8e1a9e226760f99d1cab\"},\"sameAs\":[\"https:\\\/\\\/ufukaskeroglu.com\\\/\"],\"url\":\"https:\\\/\\\/ufukaskeroglu.com\\\/pt-pt\\\/author\\\/ufukaskeroglu\\\/\"}]}<\/script>\n<!-- \/ Yoast SEO plugin. -->","yoast_head_json":{"title":"Temporada de Cirurgia Pl\u00e1stica - Ufuk Askero\u011flu","description":"Pacotes com tudo inclu\u00eddo - Mais de 8.000 pacientes satisfeitos - Bella Eyes - Trinity Lift - Facelift-Temporada de Cirurgia Pl\u00e1stica","robots":{"index":"index","follow":"follow","max-snippet":"max-snippet:-1","max-image-preview":"max-image-preview:large","max-video-preview":"max-video-preview:-1"},"canonical":"https:\/\/ufukaskeroglu.com\/pt-pt\/temporada-de-cirurgia-plastica\/","og_locale":"pt_PT","og_type":"article","og_title":"Temporada de Cirurgia Pl\u00e1stica - Ufuk Askero\u011flu","og_description":"Pacotes com tudo inclu\u00eddo - Mais de 8.000 pacientes satisfeitos - Bella Eyes - Trinity Lift - Facelift-Temporada de Cirurgia Pl\u00e1stica","og_url":"https:\/\/ufukaskeroglu.com\/pt-pt\/temporada-de-cirurgia-plastica\/","og_site_name":"Ufuk Askero\u011flu","article_published_time":"2024-09-21T11:09:20+00:00","article_modified_time":"2024-09-26T13:11:18+00:00","og_image":[{"width":1080,"height":1080,"url":"https:\/\/ufukaskeroglu.com\/wp-content\/uploads\/2024\/09\/Elegant-Makeup-Tutorial-Instagram-Post-1-jpg.avif","type":"image\/jpeg"}],"author":"ufukaskeroglu","twitter_card":"summary_large_image","twitter_misc":{"Escrito por":"ufukaskeroglu","Tempo estimado de leitura":"7 minutos"},"schema":{"@context":"https:\/\/schema.org","@graph":[{"@type":"Article","@id":"https:\/\/ufukaskeroglu.com\/pt-pt\/temporada-de-cirurgia-plastica\/#article","isPartOf":{"@id":"https:\/\/ufukaskeroglu.com\/pt-pt\/temporada-de-cirurgia-plastica\/"},"author":{"name":"ufukaskeroglu","@id":"https:\/\/ufukaskeroglu.com\/#\/schema\/person\/269e7a409022187ae82d65c238b2b94d"},"headline":"Temporada de Cirurgia Pl\u00e1stica","datePublished":"2024-09-21T11:09:20+00:00","dateModified":"2024-09-26T13:11:18+00:00","mainEntityOfPage":{"@id":"https:\/\/ufukaskeroglu.com\/pt-pt\/temporada-de-cirurgia-plastica\/"},"wordCount":2283,"publisher":{"@id":"https:\/\/ufukaskeroglu.com\/#\/schema\/person\/269e7a409022187ae82d65c238b2b94d"},"image":{"@id":"https:\/\/ufukaskeroglu.com\/pt-pt\/temporada-de-cirurgia-plastica\/#primaryimage"},"thumbnailUrl":"https:\/\/ufukaskeroglu.com\/wp-content\/uploads\/2024\/09\/Elegant-Makeup-Tutorial-Instagram-Post-1-jpg.avif","articleSection":["Ufuk Askero\u011flu"],"inLanguage":"pt-PT"},{"@type":"WebPage","@id":"https:\/\/ufukaskeroglu.com\/pt-pt\/temporada-de-cirurgia-plastica\/","url":"https:\/\/ufukaskeroglu.com\/pt-pt\/temporada-de-cirurgia-plastica\/","name":"Temporada de Cirurgia Pl\u00e1stica - Ufuk Askero\u011flu","isPartOf":{"@id":"https:\/\/ufukaskeroglu.com\/#website"},"primaryImageOfPage":{"@id":"https:\/\/ufukaskeroglu.com\/pt-pt\/temporada-de-cirurgia-plastica\/#primaryimage"},"image":{"@id":"https:\/\/ufukaskeroglu.com\/pt-pt\/temporada-de-cirurgia-plastica\/#primaryimage"},"thumbnailUrl":"https:\/\/ufukaskeroglu.com\/wp-content\/uploads\/2024\/09\/Elegant-Makeup-Tutorial-Instagram-Post-1-jpg.avif","datePublished":"2024-09-21T11:09:20+00:00","dateModified":"2024-09-26T13:11:18+00:00","description":"Pacotes com tudo inclu\u00eddo - Mais de 8.000 pacientes satisfeitos - Bella Eyes - Trinity Lift - Facelift-Temporada de Cirurgia Pl\u00e1stica","breadcrumb":{"@id":"https:\/\/ufukaskeroglu.com\/pt-pt\/temporada-de-cirurgia-plastica\/#breadcrumb"},"inLanguage":"pt-PT","potentialAction":[{"@type":"ReadAction","target":["https:\/\/ufukaskeroglu.com\/pt-pt\/temporada-de-cirurgia-plastica\/"]}]},{"@type":"ImageObject","inLanguage":"pt-PT","@id":"https:\/\/ufukaskeroglu.com\/pt-pt\/temporada-de-cirurgia-plastica\/#primaryimage","url":"https:\/\/ufukaskeroglu.com\/wp-content\/uploads\/2024\/09\/Elegant-Makeup-Tutorial-Instagram-Post-1-jpg.avif","contentUrl":"https:\/\/ufukaskeroglu.com\/wp-content\/uploads\/2024\/09\/Elegant-Makeup-Tutorial-Instagram-Post-1-jpg.avif","width":1080,"height":1080,"caption":"Plastic Surgery Season"},{"@type":"BreadcrumbList","@id":"https:\/\/ufukaskeroglu.com\/pt-pt\/temporada-de-cirurgia-plastica\/#breadcrumb","itemListElement":[{"@type":"ListItem","position":1,"name":"Anasayfa","item":"https:\/\/ufukaskeroglu.com\/pt-pt\/"},{"@type":"ListItem","position":2,"name":"Temporada de Cirurgia Pl\u00e1stica"}]},{"@type":"WebSite","@id":"https:\/\/ufukaskeroglu.com\/#website","url":"https:\/\/ufukaskeroglu.com\/","name":"Dr. Ufuk Askeroglu | Leading Plastic Surgeon in Turkey | Master of Facial Rejuvenation","description":"","publisher":{"@id":"https:\/\/ufukaskeroglu.com\/#\/schema\/person\/269e7a409022187ae82d65c238b2b94d"},"potentialAction":[{"@type":"SearchAction","target":{"@type":"EntryPoint","urlTemplate":"https:\/\/ufukaskeroglu.com\/?s={search_term_string}"},"query-input":{"@type":"PropertyValueSpecification","valueRequired":true,"valueName":"search_term_string"}}],"inLanguage":"pt-PT"},{"@type":["Person","Organization"],"@id":"https:\/\/ufukaskeroglu.com\/#\/schema\/person\/269e7a409022187ae82d65c238b2b94d","name":"ufukaskeroglu","image":{"@type":"ImageObject","inLanguage":"pt-PT","@id":"https:\/\/ufukaskeroglu.com\/wp-content\/uploads\/2023\/07\/cropped-favicon_UA.pnge31fd54b915c8e1a9e226760f99d1cab","url":"https:\/\/ufukaskeroglu.com\/wp-content\/uploads\/2023\/07\/cropped-favicon_UA.png","contentUrl":"https:\/\/ufukaskeroglu.com\/wp-content\/uploads\/2023\/07\/cropped-favicon_UA.png","width":512,"height":512,"caption":"ufukaskeroglu"},"logo":{"@id":"https:\/\/ufukaskeroglu.com\/wp-content\/uploads\/2023\/07\/cropped-favicon_UA.pnge31fd54b915c8e1a9e226760f99d1cab"},"sameAs":["https:\/\/ufukaskeroglu.com\/"],"url":"https:\/\/ufukaskeroglu.com\/pt-pt\/author\/ufukaskeroglu\/"}]}},"authors":[{"term_id":444,"user_id":1,"is_guest":0,"slug":"ufukaskeroglu","display_name":"ufukaskeroglu","avatar_url":{"url":"https:\/\/ufukaskeroglu.com\/wp-content\/uploads\/2024\/07\/22-2.jpg","url2x":"https:\/\/ufukaskeroglu.com\/wp-content\/uploads\/2024\/07\/22-2.jpg"},"0":null,"1":"","2":"","3":"","4":"","5":"","6":"","7":"","8":""}],"_links":{"self":[{"href":"https:\/\/ufukaskeroglu.com\/pt-pt\/wp-json\/wp\/v2\/posts\/29682","targetHints":{"allow":["GET"]}}],"collection":[{"href":"https:\/\/ufukaskeroglu.com\/pt-pt\/wp-json\/wp\/v2\/posts"}],"about":[{"href":"https:\/\/ufukaskeroglu.com\/pt-pt\/wp-json\/wp\/v2\/types\/post"}],"author":[{"embeddable":true,"href":"https:\/\/ufukaskeroglu.com\/pt-pt\/wp-json\/wp\/v2\/users\/1"}],"replies":[{"embeddable":true,"href":"https:\/\/ufukaskeroglu.com\/pt-pt\/wp-json\/wp\/v2\/comments?post=29682"}],"version-history":[{"count":3,"href":"https:\/\/ufukaskeroglu.com\/pt-pt\/wp-json\/wp\/v2\/posts\/29682\/revisions"}],"predecessor-version":[{"id":29719,"href":"https:\/\/ufukaskeroglu.com\/pt-pt\/wp-json\/wp\/v2\/posts\/29682\/revisions\/29719"}],"wp:featuredmedia":[{"embeddable":true,"href":"https:\/\/ufukaskeroglu.com\/pt-pt\/wp-json\/wp\/v2\/media\/29480"}],"wp:attachment":[{"href":"https:\/\/ufukaskeroglu.com\/pt-pt\/wp-json\/wp\/v2\/media?parent=29682"}],"wp:term":[{"taxonomy":"category","embeddable":true,"href":"https:\/\/ufukaskeroglu.com\/pt-pt\/wp-json\/wp\/v2\/categories?post=29682"},{"taxonomy":"post_tag","embeddable":true,"href":"https:\/\/ufukaskeroglu.com\/pt-pt\/wp-json\/wp\/v2\/tags?post=29682"},{"taxonomy":"author","embeddable":true,"href":"https:\/\/ufukaskeroglu.com\/pt-pt\/wp-json\/wp\/v2\/ppma_author?post=29682"}],"curies":[{"name":"wp","href":"https:\/\/api.w.org\/{rel}","templated":true}]}}