{"id":30586,"date":"2024-10-09T15:24:23","date_gmt":"2024-10-09T12:24:23","guid":{"rendered":"https:\/\/ufukaskeroglu.com\/sac-dokulmesine-kalici-cozum\/"},"modified":"2024-10-09T15:59:40","modified_gmt":"2024-10-09T12:59:40","slug":"solucao-permanente-queda-cabelo","status":"publish","type":"post","link":"https:\/\/ufukaskeroglu.com\/pt-pt\/solucao-permanente-queda-cabelo\/","title":{"rendered":"Solu\u00e7\u00e3o Permanente Queda Cabelo"},"content":{"rendered":"[vc_row type=&#8221;in_container&#8221; full_screen_row_position=&#8221;middle&#8221; column_margin=&#8221;default&#8221; column_direction=&#8221;default&#8221; column_direction_tablet=&#8221;default&#8221; column_direction_phone=&#8221;default&#8221; scene_position=&#8221;center&#8221; top_padding=&#8221;3%&#8221; text_color=&#8221;dark&#8221; text_align=&#8221;left&#8221; row_border_radius=&#8221;none&#8221; row_border_radius_applies=&#8221;bg&#8221; overflow=&#8221;visible&#8221; overlay_strength=&#8221;0.3&#8243; gradient_direction=&#8221;left_to_right&#8221; shape_divider_position=&#8221;bottom&#8221; bg_image_animation=&#8221;none&#8221; gradient_type=&#8221;default&#8221; shape_type=&#8221;&#8221;][vc_column column_padding=&#8221;no-extra-padding&#8221; column_padding_tablet=&#8221;inherit&#8221; column_padding_phone=&#8221;inherit&#8221; column_padding_position=&#8221;all&#8221; column_element_direction_desktop=&#8221;default&#8221; column_element_spacing=&#8221;default&#8221; desktop_text_alignment=&#8221;default&#8221; tablet_text_alignment=&#8221;default&#8221; phone_text_alignment=&#8221;default&#8221; background_color_opacity=&#8221;1&#8243; background_hover_color_opacity=&#8221;1&#8243; column_backdrop_filter=&#8221;none&#8221; column_shadow=&#8221;none&#8221; column_border_radius=&#8221;none&#8221; column_link_target=&#8221;_self&#8221; column_position=&#8221;default&#8221; gradient_direction=&#8221;left_to_right&#8221; overlay_strength=&#8221;0.3&#8243; width=&#8221;1\/1&#8243; tablet_width_inherit=&#8221;default&#8221; animation_type=&#8221;default&#8221; bg_image_animation=&#8221;none&#8221; border_type=&#8221;simple&#8221; column_border_width=&#8221;none&#8221; column_border_style=&#8221;solid&#8221;][nectar_responsive_text inherited_font_style=&#8221;default&#8221; text_color=&#8221;#cd853f&#8221; font_size_desktop=&#8221;50&#8243; text_direction=&#8221;default&#8221; font_line_height=&#8221;1.3&#8243;]\n<div id=\"ez-toc-container\" class=\"ez-toc-v2_0_82_2 counter-hierarchy ez-toc-counter ez-toc-grey ez-toc-container-direction\">\n<div class=\"ez-toc-title-container\">\n<span class=\"ez-toc-title-toggle\"><a href=\"#\" class=\"ez-toc-pull-right ez-toc-btn ez-toc-btn-xs ez-toc-btn-default ez-toc-toggle\" aria-label=\"Toggle Table of Content\"><span class=\"ez-toc-js-icon-con\"><span class=\"\"><span class=\"eztoc-hide\" style=\"display:none;\">Toggle<\/span><span class=\"ez-toc-icon-toggle-span\"><svg style=\"fill: #999;color:#999\" xmlns=\"http:\/\/www.w3.org\/2000\/svg\" class=\"list-377408\" width=\"20px\" height=\"20px\" viewBox=\"0 0 24 24\" fill=\"none\"><path d=\"M6 6H4v2h2V6zm14 0H8v2h12V6zM4 11h2v2H4v-2zm16 0H8v2h12v-2zM4 16h2v2H4v-2zm16 0H8v2h12v-2z\" fill=\"currentColor\"><\/path><\/svg><svg style=\"fill: #999;color:#999\" class=\"arrow-unsorted-368013\" xmlns=\"http:\/\/www.w3.org\/2000\/svg\" width=\"10px\" height=\"10px\" viewBox=\"0 0 24 24\" version=\"1.2\" baseProfile=\"tiny\"><path d=\"M18.2 9.3l-6.2-6.3-6.2 6.3c-.2.2-.3.4-.3.7s.1.5.3.7c.2.2.4.3.7.3h11c.3 0 .5-.1.7-.3.2-.2.3-.5.3-.7s-.1-.5-.3-.7zM5.8 14.7l6.2 6.3 6.2-6.3c.2-.2.3-.5.3-.7s-.1-.5-.3-.7c-.2-.2-.4-.3-.7-.3h-11c-.3 0-.5.1-.7.3-.2.2-.3.5-.3.7s.1.5.3.7z\"\/><\/svg><\/span><\/span><\/span><\/a><\/span><\/div>\n<nav><ul class='ez-toc-list ez-toc-list-level-1 eztoc-toggle-hide-by-default' ><li class='ez-toc-page-1 ez-toc-heading-level-1'><a class=\"ez-toc-link ez-toc-heading-1\" href=\"https:\/\/ufukaskeroglu.com\/pt-pt\/solucao-permanente-queda-cabelo\/#Solucao_Permanente_Queda_Cabelo\" >Solu\u00e7\u00e3o Permanente Queda Cabelo<\/a><ul class='ez-toc-list-level-2' ><li class='ez-toc-heading-level-2'><a class=\"ez-toc-link ez-toc-heading-2\" href=\"https:\/\/ufukaskeroglu.com\/pt-pt\/solucao-permanente-queda-cabelo\/#Tratamento_PRP_para_Cabelo_Solucao_Permanente_para_Queda_de_Cabelo\" >Tratamento PRP para Cabelo: Solu\u00e7\u00e3o Permanente para Queda de Cabelo<\/a><ul class='ez-toc-list-level-3' ><li class='ez-toc-heading-level-3'><a class=\"ez-toc-link ez-toc-heading-3\" href=\"https:\/\/ufukaskeroglu.com\/pt-pt\/solucao-permanente-queda-cabelo\/#O_que_e_PRP\" >O que \u00e9 PRP?<\/a><\/li><li class='ez-toc-page-1 ez-toc-heading-level-3'><a class=\"ez-toc-link ez-toc-heading-4\" href=\"https:\/\/ufukaskeroglu.com\/pt-pt\/solucao-permanente-queda-cabelo\/#Vantagens_do_Tratamento_PRP\" >Vantagens do Tratamento PRP<\/a><\/li><li class='ez-toc-page-1 ez-toc-heading-level-3'><a class=\"ez-toc-link ez-toc-heading-5\" href=\"https:\/\/ufukaskeroglu.com\/pt-pt\/solucao-permanente-queda-cabelo\/#Como_e_Aplicado_o_Tratamento_PRP\" >Como \u00e9 Aplicado o Tratamento PRP?<\/a><\/li><li class='ez-toc-page-1 ez-toc-heading-level-3'><a class=\"ez-toc-link ez-toc-heading-6\" href=\"https:\/\/ufukaskeroglu.com\/pt-pt\/solucao-permanente-queda-cabelo\/#Quem_Pode_Fazer_o_Tratamento_PRP\" >Quem Pode Fazer o Tratamento PRP?<\/a><\/li><li class='ez-toc-page-1 ez-toc-heading-level-3'><a class=\"ez-toc-link ez-toc-heading-7\" href=\"https:\/\/ufukaskeroglu.com\/pt-pt\/solucao-permanente-queda-cabelo\/#Efeitos_do_Tratamento_PRP\" >Efeitos do Tratamento PRP<\/a><\/li><li class='ez-toc-page-1 ez-toc-heading-level-3'><a class=\"ez-toc-link ez-toc-heading-8\" href=\"https:\/\/ufukaskeroglu.com\/pt-pt\/solucao-permanente-queda-cabelo\/#Cuidados_Apos_o_Procedimento\" >Cuidados Ap\u00f3s o Procedimento<\/a><\/li><li class='ez-toc-page-1 ez-toc-heading-level-3'><a class=\"ez-toc-link ez-toc-heading-9\" href=\"https:\/\/ufukaskeroglu.com\/pt-pt\/solucao-permanente-queda-cabelo\/#Efeitos_Colaterais_do_Tratamento_PRP\" >Efeitos Colaterais do Tratamento PRP<\/a><\/li><li class='ez-toc-page-1 ez-toc-heading-level-3'><a class=\"ez-toc-link ez-toc-heading-10\" href=\"https:\/\/ufukaskeroglu.com\/pt-pt\/solucao-permanente-queda-cabelo\/#Perguntas_Frequentes_Sobre_o_Tratamento_PRP\" >Perguntas Frequentes Sobre o Tratamento PRP<\/a><\/li><\/ul><\/li><\/ul><\/li><\/ul><\/nav><\/div>\n<h1 style=\"text-align: center;\"><span class=\"ez-toc-section\" id=\"Solucao_Permanente_Queda_Cabelo\"><\/span>Solu\u00e7\u00e3o Permanente Queda Cabelo<span class=\"ez-toc-section-end\"><\/span><\/h1>\n[\/nectar_responsive_text][\/vc_column][vc_column column_padding=&#8221;no-extra-padding&#8221; column_padding_tablet=&#8221;inherit&#8221; column_padding_phone=&#8221;inherit&#8221; column_padding_position=&#8221;all&#8221; column_element_direction_desktop=&#8221;default&#8221; column_element_spacing=&#8221;default&#8221; desktop_text_alignment=&#8221;default&#8221; tablet_text_alignment=&#8221;default&#8221; phone_text_alignment=&#8221;default&#8221; background_color_opacity=&#8221;1&#8243; background_hover_color_opacity=&#8221;1&#8243; column_backdrop_filter=&#8221;none&#8221; column_shadow=&#8221;none&#8221; column_border_radius=&#8221;none&#8221; column_link_target=&#8221;_self&#8221; column_position=&#8221;default&#8221; gradient_direction=&#8221;left_to_right&#8221; overlay_strength=&#8221;0.3&#8243; width=&#8221;1\/1&#8243; tablet_width_inherit=&#8221;default&#8221; animation_type=&#8221;default&#8221; bg_image_animation=&#8221;none&#8221; border_type=&#8221;simple&#8221; column_border_width=&#8221;none&#8221; column_border_style=&#8221;solid&#8221;][vc_row_inner column_margin=&#8221;default&#8221; column_direction=&#8221;default&#8221; column_direction_tablet=&#8221;default&#8221; column_direction_phone=&#8221;default&#8221; text_align=&#8221;left&#8221; row_position=&#8221;default&#8221; row_position_tablet=&#8221;inherit&#8221; row_position_phone=&#8221;inherit&#8221; overflow=&#8221;visible&#8221; pointer_events=&#8221;all&#8221;][vc_column_inner column_padding=&#8221;no-extra-padding&#8221; column_padding_tablet=&#8221;inherit&#8221; column_padding_phone=&#8221;inherit&#8221; column_padding_position=&#8221;all&#8221; column_element_direction_desktop=&#8221;default&#8221; column_element_spacing=&#8221;default&#8221; desktop_text_alignment=&#8221;default&#8221; tablet_text_alignment=&#8221;default&#8221; phone_text_alignment=&#8221;default&#8221; background_color_opacity=&#8221;1&#8243; background_hover_color_opacity=&#8221;1&#8243; column_backdrop_filter=&#8221;none&#8221; column_shadow=&#8221;none&#8221; column_border_radius=&#8221;none&#8221; column_link_target=&#8221;_self&#8221; overflow=&#8221;visible&#8221; gradient_direction=&#8221;left_to_right&#8221; overlay_strength=&#8221;0.3&#8243; width=&#8221;1\/2&#8243; tablet_width_inherit=&#8221;default&#8221; animation_type=&#8221;default&#8221; bg_image_animation=&#8221;none&#8221; border_type=&#8221;simple&#8221; column_border_width=&#8221;none&#8221; column_border_style=&#8221;solid&#8221;][divider line_type=&#8221;No Line&#8221; custom_height=&#8221;100&#8243;][image_with_animation image_url=&#8221;30571&#8243; image_size=&#8221;full&#8221; animation_type=&#8221;entrance&#8221; animation=&#8221;None&#8221; animation_movement_type=&#8221;transform_y&#8221; hover_animation=&#8221;none&#8221; alignment=&#8221;center&#8221; border_radius=&#8221;none&#8221; box_shadow=&#8221;none&#8221; image_loading=&#8221;default&#8221; max_width=&#8221;100%&#8221; max_width_mobile=&#8221;150%&#8221; img_link=&#8221;https:\/\/www.instagram.com\/drufukaskeroglu\/&#8221;][\/vc_column_inner][vc_column_inner column_padding=&#8221;no-extra-padding&#8221; column_padding_tablet=&#8221;inherit&#8221; column_padding_phone=&#8221;inherit&#8221; column_padding_position=&#8221;all&#8221; column_element_direction_desktop=&#8221;default&#8221; column_element_spacing=&#8221;default&#8221; desktop_text_alignment=&#8221;default&#8221; tablet_text_alignment=&#8221;default&#8221; phone_text_alignment=&#8221;default&#8221; background_color_opacity=&#8221;1&#8243; background_hover_color_opacity=&#8221;1&#8243; column_backdrop_filter=&#8221;none&#8221; column_shadow=&#8221;none&#8221; column_border_radius=&#8221;none&#8221; column_link_target=&#8221;_self&#8221; overflow=&#8221;visible&#8221; gradient_direction=&#8221;left_to_right&#8221; overlay_strength=&#8221;0.3&#8243; width=&#8221;1\/2&#8243; tablet_width_inherit=&#8221;default&#8221; animation_type=&#8221;default&#8221; bg_image_animation=&#8221;none&#8221; border_type=&#8221;simple&#8221; column_border_width=&#8221;none&#8221; column_border_style=&#8221;solid&#8221;][divider line_type=&#8221;No Line&#8221; custom_height=&#8221;100&#8243;][vc_column_text text_direction=&#8221;default&#8221;]\n<h2 style=\"color: #006039;\"><span class=\"ez-toc-section\" id=\"Tratamento_PRP_para_Cabelo_Solucao_Permanente_para_Queda_de_Cabelo\"><\/span>Tratamento PRP para Cabelo: Solu\u00e7\u00e3o Permanente para Queda de Cabelo<span class=\"ez-toc-section-end\"><\/span><\/h2>\n<p>A queda de cabelo \u00e9 um problema comum enfrentado por muitas pessoas. Tanto homens quanto mulheres podem sofrer com isso, o que pode ter efeitos psicol\u00f3gicos. Felizmente, gra\u00e7as a diversos m\u00e9todos de tratamento oferecidos pela medicina moderna, \u00e9 poss\u00edvel resolver o problema da queda de cabelo. O <a href=\"https:\/\/ufukaskeroglu.com\/pt-pt\/\">Tratamento PRP<\/a> \u00e9 um dos m\u00e9todos mais eficazes nesta \u00e1rea. Neste artigo, apresentaremos informa\u00e7\u00f5es abrangentes sobre como o <a href=\"https:\/\/askerogluhealthgroup.com\/\">tratamento PRP<\/a> funciona, suas vantagens e resultados.<br \/>\n[\/vc_column_text][\/vc_column_inner][\/vc_row_inner][\/vc_column][vc_column column_padding=&#8221;no-extra-padding&#8221; column_padding_tablet=&#8221;inherit&#8221; column_padding_phone=&#8221;inherit&#8221; column_padding_position=&#8221;all&#8221; column_element_direction_desktop=&#8221;default&#8221; column_element_spacing=&#8221;default&#8221; desktop_text_alignment=&#8221;default&#8221; tablet_text_alignment=&#8221;default&#8221; phone_text_alignment=&#8221;default&#8221; background_color_opacity=&#8221;1&#8243; background_hover_color_opacity=&#8221;1&#8243; column_backdrop_filter=&#8221;none&#8221; column_shadow=&#8221;none&#8221; column_border_radius=&#8221;none&#8221; column_link_target=&#8221;_self&#8221; column_position=&#8221;default&#8221; gradient_direction=&#8221;left_to_right&#8221; overlay_strength=&#8221;0.3&#8243; width=&#8221;1\/1&#8243; tablet_width_inherit=&#8221;default&#8221; animation_type=&#8221;default&#8221; bg_image_animation=&#8221;none&#8221; border_type=&#8221;simple&#8221; column_border_width=&#8221;none&#8221; column_border_style=&#8221;solid&#8221;][divider line_type=&#8221;No Line&#8221; custom_height=&#8221;20&#8243;][vc_column_text text_direction=&#8221;default&#8221;]\n<h3 style=\"color: #006039;\"><span class=\"ez-toc-section\" id=\"O_que_e_PRP\"><\/span>O que \u00e9 PRP?<span class=\"ez-toc-section-end\"><\/span><\/h3>\n<p>PRP significa Plasma Rico em Plaquetas. Este tratamento \u00e9 realizado utilizando o plasma obtido do pr\u00f3prio sangue do paciente. Primeiro, o sangue do paciente \u00e9 coletado e processado em um dispositivo centr\u00edfugo especial. Este processo separa os componentes do sangue e produz o plasma rico em plaquetas.<\/p>\n<p>O PRP obtido \u00e9 injetado nos fol\u00edculos capilares, promovendo um crescimento mais saud\u00e1vel dos cabelos. O PRP cont\u00e9m fatores de crescimento que estimulam os fol\u00edculos capilares, incentivando o crescimento do cabelo.<\/p>\n<h3 style=\"color: #006039;\"><span class=\"ez-toc-section\" id=\"Vantagens_do_Tratamento_PRP\"><\/span>Vantagens do Tratamento PRP<span class=\"ez-toc-section-end\"><\/span><\/h3>\n<p>O Tratamento PRP para Cabelo \u00e9 um m\u00e9todo eficaz que oferece uma solu\u00e7\u00e3o permanente para a queda de cabelo. Primeiramente, como \u00e9 utilizado o pr\u00f3prio sangue do paciente, n\u00e3o h\u00e1 risco de alergia, o que aumenta a seguran\u00e7a do tratamento. Al\u00e9m disso, os efeitos colaterais do tratamento PRP s\u00e3o m\u00ednimos, permitindo uma recupera\u00e7\u00e3o mais r\u00e1pida dos pacientes ap\u00f3s o tratamento.<\/p>\n<p>Durante o processo de tratamento, a sensa\u00e7\u00e3o de dor \u00e9 bastante reduzida. Cremes anest\u00e9sicos s\u00e3o utilizados para evitar desconforto aos pacientes. Portanto, o tratamento PRP visa resolver o problema da queda de cabelo sem causar dor.<\/p>\n<h3 style=\"color: #006039;\"><span class=\"ez-toc-section\" id=\"Como_e_Aplicado_o_Tratamento_PRP\"><\/span>Como \u00e9 Aplicado o Tratamento PRP?<span class=\"ez-toc-section-end\"><\/span><\/h3>\n<p>O Tratamento PRP para Cabelo \u00e9 composto por v\u00e1rias etapas. Primeiro, a situa\u00e7\u00e3o da queda de cabelo do paciente \u00e9 avaliada. Nesta fase, o m\u00e9dico realiza uma an\u00e1lise capilar e elabora um plano de tratamento. Em seguida, o sangue do paciente \u00e9 coletado e submetido ao processo de centrifuga\u00e7\u00e3o. O PRP obtido \u00e9 injetado no couro cabeludo.<\/p>\n<p>O procedimento geralmente dura de 30 a 60 minutos. O paciente pode retornar imediatamente \u00e0 sua rotina di\u00e1ria ap\u00f3s o tratamento. Al\u00e9m disso, os efeitos do tratamento PRP geralmente come\u00e7am a ser vistos ap\u00f3s algumas sess\u00f5es. Ap\u00f3s a primeira sess\u00e3o, observa-se que os cabelos ficam mais saud\u00e1veis e fortes.<\/p>\n<h3 style=\"color: #006039;\"><span class=\"ez-toc-section\" id=\"Quem_Pode_Fazer_o_Tratamento_PRP\"><\/span>Quem Pode Fazer o Tratamento PRP?<span class=\"ez-toc-section-end\"><\/span><\/h3>\n<p>O Tratamento PRP para Cabelo \u00e9 adequado para qualquer pessoa que esteja enfrentando queda de cabelo. Tanto homens quanto mulheres podem se beneficiar deste tratamento. No entanto, em alguns casos, o tratamento PRP pode n\u00e3o ser recomendado. Por exemplo, indiv\u00edduos com dist\u00farbios de coagula\u00e7\u00e3o ou que est\u00e3o em tratamento de c\u00e2ncer devem consultar seus m\u00e9dicos antes de realizar este tratamento.<\/p>\n<p>Al\u00e9m disso, \u00e9 importante considerar se o tratamento PRP \u00e9 adequado para mulheres gr\u00e1vidas e lactantes. O m\u00e9dico determinar\u00e1 o m\u00e9todo de tratamento mais apropriado de acordo com a condi\u00e7\u00e3o do paciente.<\/p>\n<h3 style=\"color: #006039;\"><span class=\"ez-toc-section\" id=\"Efeitos_do_Tratamento_PRP\"><\/span>Efeitos do Tratamento PRP<span class=\"ez-toc-section-end\"><\/span><\/h3>\n<p>Os resultados obtidos com o Tratamento PRP para Cabelo s\u00e3o geralmente satisfat\u00f3rios. Ap\u00f3s o tratamento, observa-se que os cabelos ficam mais grossos e adquirem uma apar\u00eancia mais saud\u00e1vel. Os primeiros resultados geralmente se tornam vis\u00edveis ap\u00f3s 3 a 4 semanas. No entanto, pode ser necess\u00e1rio aguardar de 3 a 6 meses para obter os resultados completos.<\/p>\n<p>Durante este per\u00edodo, estimula-se os fol\u00edculos capilares e promove-se o crescimento de novos cabelos. Al\u00e9m disso, pode-se observar a interrup\u00e7\u00e3o da queda de cabelo. O tratamento PRP oferece uma solu\u00e7\u00e3o permanente para a queda de cabelo, aumentando a autoconfian\u00e7a dos indiv\u00edduos.<\/p>\n<h3 style=\"color: #006039;\"><span class=\"ez-toc-section\" id=\"Cuidados_Apos_o_Procedimento\"><\/span>Cuidados Ap\u00f3s o Procedimento<span class=\"ez-toc-section-end\"><\/span><\/h3>\n<p>Ap\u00f3s o Tratamento PRP para Cabelo, existem alguns pontos que os pacientes devem ter em mente. Primeiramente, n\u00e3o deve-se aplicar press\u00e3o intensa na \u00e1rea tratada. Al\u00e9m disso, recomenda-se n\u00e3o lavar o cabelo nas primeiras 24 horas. Isso aumenta a efic\u00e1cia do PRP.<\/p>\n<p>Nos primeiros 48 horas, deve-se evitar a exposi\u00e7\u00e3o excessiva \u00e0 luz solar. Tamb\u00e9m \u00e9 importante n\u00e3o ficar em ambientes quentes. Durante este per\u00edodo, beber bastante \u00e1gua e ter uma alimenta\u00e7\u00e3o saud\u00e1vel ajudar\u00e1 a apoiar o processo de tratamento.<\/p>\n<h3 style=\"color: #006039;\"><span class=\"ez-toc-section\" id=\"Efeitos_Colaterais_do_Tratamento_PRP\"><\/span>Efeitos Colaterais do Tratamento PRP<span class=\"ez-toc-section-end\"><\/span><\/h3>\n<p>O Tratamento PRP para Cabelo \u00e9 geralmente um m\u00e9todo seguro. No entanto, alguns pacientes podem apresentar efeitos colaterais leves. Esses efeitos colaterais incluem incha\u00e7o, hematomas e dor leve. Esses sintomas geralmente desaparecem rapidamente.<\/p>\n<p>Se os efeitos colaterais persistirem por muito tempo ou se tornarem inc\u00f4modos, \u00e9 importante consultar um m\u00e9dico. O m\u00e9dico especialista avaliar\u00e1 a situa\u00e7\u00e3o e tomar\u00e1 as medidas necess\u00e1rias.<\/p>\n<h3 style=\"color: #006039;\"><span class=\"ez-toc-section\" id=\"Perguntas_Frequentes_Sobre_o_Tratamento_PRP\"><\/span>Perguntas Frequentes Sobre o Tratamento PRP<span class=\"ez-toc-section-end\"><\/span><\/h3>\n<p><strong style=\"color: #006039;\">Quanto tempo dura o tratamento PRP?<\/strong><br \/>\nO tratamento PRP geralmente dura de 30 a 60 minutos. No entanto, a dura\u00e7\u00e3o do tratamento pode variar de pessoa para pessoa.<\/p>\n<p><strong style=\"color: #006039;\">Quando os resultados do tratamento PRP come\u00e7am a aparecer?<\/strong><br \/>\nOs primeiros resultados do tratamento geralmente come\u00e7am a ser observados dentro de 3 a 4 semanas. Os resultados completos s\u00e3o alcan\u00e7ados em 3 a 6 meses.<\/p>\n<p><strong style=\"color: #006039;\">O tratamento PRP d\u00f3i?<\/strong><br \/>\nNo tratamento PRP, s\u00e3o utilizados cremes anest\u00e9sicos. Portanto, a sensa\u00e7\u00e3o de dor \u00e9 m\u00ednima. A maioria dos pacientes n\u00e3o sente desconforto durante o procedimento.<\/p>\n<p><strong style=\"color: #006039;\">O tratamento PRP \u00e9 uma solu\u00e7\u00e3o permanente?<\/strong><br \/>\nO tratamento PRP pode oferecer uma solu\u00e7\u00e3o permanente para a queda de cabelo. No entanto, pode ser necess\u00e1rio realizar sess\u00f5es regulares ap\u00f3s o tratamento.<br \/>\n[\/vc_column_text][divider line_type=&#8221;No Line&#8221; custom_height=&#8221;20&#8243;][\/vc_column][\/vc_row][vc_row type=&#8221;in_container&#8221; full_screen_row_position=&#8221;middle&#8221; column_margin=&#8221;default&#8221; column_direction=&#8221;default&#8221; column_direction_tablet=&#8221;default&#8221; column_direction_phone=&#8221;default&#8221; scene_position=&#8221;center&#8221; text_color=&#8221;dark&#8221; text_align=&#8221;left&#8221; row_border_radius=&#8221;none&#8221; row_border_radius_applies=&#8221;bg&#8221; overflow=&#8221;visible&#8221; overlay_strength=&#8221;0.3&#8243; gradient_direction=&#8221;left_to_right&#8221; shape_divider_position=&#8221;bottom&#8221; bg_image_animation=&#8221;none&#8221;][vc_column column_padding=&#8221;no-extra-padding&#8221; column_padding_tablet=&#8221;inherit&#8221; column_padding_phone=&#8221;inherit&#8221; column_padding_position=&#8221;all&#8221; column_element_direction_desktop=&#8221;default&#8221; column_element_spacing=&#8221;default&#8221; desktop_text_alignment=&#8221;default&#8221; tablet_text_alignment=&#8221;default&#8221; phone_text_alignment=&#8221;default&#8221; background_color_opacity=&#8221;1&#8243; background_hover_color_opacity=&#8221;1&#8243; column_backdrop_filter=&#8221;none&#8221; column_shadow=&#8221;none&#8221; column_border_radius=&#8221;none&#8221; column_link_target=&#8221;_self&#8221; column_position=&#8221;default&#8221; gradient_direction=&#8221;left_to_right&#8221; overlay_strength=&#8221;0.3&#8243; width=&#8221;1\/1&#8243; tablet_width_inherit=&#8221;default&#8221; animation_type=&#8221;default&#8221; bg_image_animation=&#8221;none&#8221; border_type=&#8221;simple&#8221; column_border_width=&#8221;none&#8221; column_border_style=&#8221;solid&#8221;][vc_raw_html]JTVCaW5zdGFncmFtLWZlZWQlMjBmZWVkJTNEMSU1RA==[\/vc_raw_html][\/vc_column][\/vc_row]\n","protected":false},"excerpt":{"rendered":"<p>[vc_row type=&#8221;in_container&#8221; full_screen_row_position=&#8221;middle&#8221; column_margin=&#8221;default&#8221; column_direction=&#8221;default&#8221; column_direction_tablet=&#8221;default&#8221; column_direction_phone=&#8221;default&#8221; scene_position=&#8221;center&#8221; top_padding=&#8221;3%&#8221; text_color=&#8221;dark&#8221; text_align=&#8221;left&#8221; row_border_radius=&#8221;none&#8221; row_border_radius_applies=&#8221;bg&#8221; overflow=&#8221;visible&#8221; overlay_strength=&#8221;0.3&#8243; gradient_direction=&#8221;left_to_right&#8221; shape_divider_position=&#8221;bottom&#8221; bg_image_animation=&#8221;none&#8221; gradient_type=&#8221;default&#8221; shape_type=&#8221;&#8221;][vc_column column_padding=&#8221;no-extra-padding&#8221; column_padding_tablet=&#8221;inherit&#8221; column_padding_phone=&#8221;inherit&#8221; column_padding_position=&#8221;all&#8221; column_element_direction_desktop=&#8221;default&#8221; column_element_spacing=&#8221;default&#8221; desktop_text_alignment=&#8221;default&#8221; tablet_text_alignment=&#8221;default&#8221; phone_text_alignment=&#8221;default&#8221; background_color_opacity=&#8221;1&#8243;&#8230;<\/p>\n","protected":false},"author":1,"featured_media":30577,"comment_status":"closed","ping_status":"closed","sticky":false,"template":"","format":"standard","meta":{"footnotes":""},"categories":[403],"tags":[],"ppma_author":[444],"class_list":{"0":"post-30586","1":"post","2":"type-post","3":"status-publish","4":"format-standard","5":"has-post-thumbnail","7":"category-ufuk-askeroglu-pt-pt"},"yoast_head":"<!-- This site is optimized with the Yoast SEO plugin v27.5 - https:\/\/yoast.com\/product\/yoast-seo-wordpress\/ -->\n<title>Solu\u00e7\u00e3o Permanente Queda Cabelo - Ufuk Askero\u011flu<\/title>\n<meta name=\"description\" content=\"Pacotes com tudo inclu\u00eddo - Mais de 8.000 pacientes satisfeitos - Bella Eyes - Trinity Lift - Lipoaspira\u00e7\u00e3o . Solu\u00e7\u00e3o Permanente Queda Cabelo\" \/>\n<meta name=\"robots\" content=\"index, follow, max-snippet:-1, max-image-preview:large, max-video-preview:-1\" \/>\n<link rel=\"canonical\" href=\"https:\/\/ufukaskeroglu.com\/pt-pt\/solucao-permanente-queda-cabelo\/\" \/>\n<meta property=\"og:locale\" content=\"pt_PT\" \/>\n<meta property=\"og:type\" content=\"article\" \/>\n<meta property=\"og:title\" content=\"Solu\u00e7\u00e3o Permanente Queda Cabelo - Ufuk Askero\u011flu\" \/>\n<meta property=\"og:description\" content=\"Pacotes com tudo inclu\u00eddo - Mais de 8.000 pacientes satisfeitos - Bella Eyes - Trinity Lift - Lipoaspira\u00e7\u00e3o . Solu\u00e7\u00e3o Permanente Queda Cabelo\" \/>\n<meta property=\"og:url\" content=\"https:\/\/ufukaskeroglu.com\/pt-pt\/solucao-permanente-queda-cabelo\/\" \/>\n<meta property=\"og:site_name\" content=\"Ufuk Askero\u011flu\" \/>\n<meta property=\"article:published_time\" content=\"2024-10-09T12:24:23+00:00\" \/>\n<meta property=\"article:modified_time\" content=\"2024-10-09T12:59:40+00:00\" \/>\n<meta property=\"og:image\" content=\"https:\/\/ufukaskeroglu.com\/wp-content\/uploads\/2024\/10\/13.-PRP-Sac\u2560g-Tedavisi-Sac\u2560g-Do\u2560eku\u2560elmesine-Kal\u2500\u2592c\u2500\u2592-C\u2560go\u2560ezu\u2560em.jpg\" \/>\n\t<meta property=\"og:image:width\" content=\"1080\" \/>\n\t<meta property=\"og:image:height\" content=\"1080\" \/>\n\t<meta property=\"og:image:type\" content=\"image\/jpeg\" \/>\n<meta name=\"author\" content=\"ufukaskeroglu\" \/>\n<meta name=\"twitter:card\" content=\"summary_large_image\" \/>\n<meta name=\"twitter:label1\" content=\"Escrito por\" \/>\n\t<meta name=\"twitter:data1\" content=\"ufukaskeroglu\" \/>\n\t<meta name=\"twitter:label2\" content=\"Tempo estimado de leitura\" \/>\n\t<meta name=\"twitter:data2\" content=\"6 minutos\" \/>\n<script type=\"application\/ld+json\" class=\"yoast-schema-graph\">{\"@context\":\"https:\\\/\\\/schema.org\",\"@graph\":[{\"@type\":\"Article\",\"@id\":\"https:\\\/\\\/ufukaskeroglu.com\\\/pt-pt\\\/solucao-permanente-queda-cabelo\\\/#article\",\"isPartOf\":{\"@id\":\"https:\\\/\\\/ufukaskeroglu.com\\\/pt-pt\\\/solucao-permanente-queda-cabelo\\\/\"},\"author\":{\"name\":\"ufukaskeroglu\",\"@id\":\"https:\\\/\\\/ufukaskeroglu.com\\\/#\\\/schema\\\/person\\\/269e7a409022187ae82d65c238b2b94d\"},\"headline\":\"Solu\u00e7\u00e3o Permanente Queda Cabelo\",\"datePublished\":\"2024-10-09T12:24:23+00:00\",\"dateModified\":\"2024-10-09T12:59:40+00:00\",\"mainEntityOfPage\":{\"@id\":\"https:\\\/\\\/ufukaskeroglu.com\\\/pt-pt\\\/solucao-permanente-queda-cabelo\\\/\"},\"wordCount\":1790,\"publisher\":{\"@id\":\"https:\\\/\\\/ufukaskeroglu.com\\\/#\\\/schema\\\/person\\\/269e7a409022187ae82d65c238b2b94d\"},\"image\":{\"@id\":\"https:\\\/\\\/ufukaskeroglu.com\\\/pt-pt\\\/solucao-permanente-queda-cabelo\\\/#primaryimage\"},\"thumbnailUrl\":\"https:\\\/\\\/ufukaskeroglu.com\\\/wp-content\\\/uploads\\\/2024\\\/10\\\/13.-PRP-Sac\u2560g-Tedavisi-Sac\u2560g-Do\u2560eku\u2560elmesine-Kal\u2500\u2592c\u2500\u2592-C\u2560go\u2560ezu\u2560em.jpg\",\"articleSection\":[\"Ufuk Askero\u011flu\"],\"inLanguage\":\"pt-PT\"},{\"@type\":\"WebPage\",\"@id\":\"https:\\\/\\\/ufukaskeroglu.com\\\/pt-pt\\\/solucao-permanente-queda-cabelo\\\/\",\"url\":\"https:\\\/\\\/ufukaskeroglu.com\\\/pt-pt\\\/solucao-permanente-queda-cabelo\\\/\",\"name\":\"Solu\u00e7\u00e3o Permanente Queda Cabelo - Ufuk Askero\u011flu\",\"isPartOf\":{\"@id\":\"https:\\\/\\\/ufukaskeroglu.com\\\/#website\"},\"primaryImageOfPage\":{\"@id\":\"https:\\\/\\\/ufukaskeroglu.com\\\/pt-pt\\\/solucao-permanente-queda-cabelo\\\/#primaryimage\"},\"image\":{\"@id\":\"https:\\\/\\\/ufukaskeroglu.com\\\/pt-pt\\\/solucao-permanente-queda-cabelo\\\/#primaryimage\"},\"thumbnailUrl\":\"https:\\\/\\\/ufukaskeroglu.com\\\/wp-content\\\/uploads\\\/2024\\\/10\\\/13.-PRP-Sac\u2560g-Tedavisi-Sac\u2560g-Do\u2560eku\u2560elmesine-Kal\u2500\u2592c\u2500\u2592-C\u2560go\u2560ezu\u2560em.jpg\",\"datePublished\":\"2024-10-09T12:24:23+00:00\",\"dateModified\":\"2024-10-09T12:59:40+00:00\",\"description\":\"Pacotes com tudo inclu\u00eddo - Mais de 8.000 pacientes satisfeitos - Bella Eyes - Trinity Lift - Lipoaspira\u00e7\u00e3o . Solu\u00e7\u00e3o Permanente Queda Cabelo\",\"breadcrumb\":{\"@id\":\"https:\\\/\\\/ufukaskeroglu.com\\\/pt-pt\\\/solucao-permanente-queda-cabelo\\\/#breadcrumb\"},\"inLanguage\":\"pt-PT\",\"potentialAction\":[{\"@type\":\"ReadAction\",\"target\":[\"https:\\\/\\\/ufukaskeroglu.com\\\/pt-pt\\\/solucao-permanente-queda-cabelo\\\/\"]}]},{\"@type\":\"ImageObject\",\"inLanguage\":\"pt-PT\",\"@id\":\"https:\\\/\\\/ufukaskeroglu.com\\\/pt-pt\\\/solucao-permanente-queda-cabelo\\\/#primaryimage\",\"url\":\"https:\\\/\\\/ufukaskeroglu.com\\\/wp-content\\\/uploads\\\/2024\\\/10\\\/13.-PRP-Sac\u2560g-Tedavisi-Sac\u2560g-Do\u2560eku\u2560elmesine-Kal\u2500\u2592c\u2500\u2592-C\u2560go\u2560ezu\u2560em.jpg\",\"contentUrl\":\"https:\\\/\\\/ufukaskeroglu.com\\\/wp-content\\\/uploads\\\/2024\\\/10\\\/13.-PRP-Sac\u2560g-Tedavisi-Sac\u2560g-Do\u2560eku\u2560elmesine-Kal\u2500\u2592c\u2500\u2592-C\u2560go\u2560ezu\u2560em.jpg\",\"width\":1080,\"height\":1080,\"caption\":\"Sa\u00e7 D\u00f6k\u00fclmesine Kal\u0131c\u0131 \u00c7\u00f6z\u00fcm\"},{\"@type\":\"BreadcrumbList\",\"@id\":\"https:\\\/\\\/ufukaskeroglu.com\\\/pt-pt\\\/solucao-permanente-queda-cabelo\\\/#breadcrumb\",\"itemListElement\":[{\"@type\":\"ListItem\",\"position\":1,\"name\":\"Anasayfa\",\"item\":\"https:\\\/\\\/ufukaskeroglu.com\\\/pt-pt\\\/\"},{\"@type\":\"ListItem\",\"position\":2,\"name\":\"Solu\u00e7\u00e3o Permanente Queda Cabelo\"}]},{\"@type\":\"WebSite\",\"@id\":\"https:\\\/\\\/ufukaskeroglu.com\\\/#website\",\"url\":\"https:\\\/\\\/ufukaskeroglu.com\\\/\",\"name\":\"Dr. Ufuk Askeroglu | Leading Plastic Surgeon in Turkey | Master of Facial Rejuvenation\",\"description\":\"\",\"publisher\":{\"@id\":\"https:\\\/\\\/ufukaskeroglu.com\\\/#\\\/schema\\\/person\\\/269e7a409022187ae82d65c238b2b94d\"},\"potentialAction\":[{\"@type\":\"SearchAction\",\"target\":{\"@type\":\"EntryPoint\",\"urlTemplate\":\"https:\\\/\\\/ufukaskeroglu.com\\\/?s={search_term_string}\"},\"query-input\":{\"@type\":\"PropertyValueSpecification\",\"valueRequired\":true,\"valueName\":\"search_term_string\"}}],\"inLanguage\":\"pt-PT\"},{\"@type\":[\"Person\",\"Organization\"],\"@id\":\"https:\\\/\\\/ufukaskeroglu.com\\\/#\\\/schema\\\/person\\\/269e7a409022187ae82d65c238b2b94d\",\"name\":\"ufukaskeroglu\",\"image\":{\"@type\":\"ImageObject\",\"inLanguage\":\"pt-PT\",\"@id\":\"https:\\\/\\\/ufukaskeroglu.com\\\/wp-content\\\/uploads\\\/2023\\\/07\\\/cropped-favicon_UA.pnge31fd54b915c8e1a9e226760f99d1cab\",\"url\":\"https:\\\/\\\/ufukaskeroglu.com\\\/wp-content\\\/uploads\\\/2023\\\/07\\\/cropped-favicon_UA.png\",\"contentUrl\":\"https:\\\/\\\/ufukaskeroglu.com\\\/wp-content\\\/uploads\\\/2023\\\/07\\\/cropped-favicon_UA.png\",\"width\":512,\"height\":512,\"caption\":\"ufukaskeroglu\"},\"logo\":{\"@id\":\"https:\\\/\\\/ufukaskeroglu.com\\\/wp-content\\\/uploads\\\/2023\\\/07\\\/cropped-favicon_UA.pnge31fd54b915c8e1a9e226760f99d1cab\"},\"sameAs\":[\"https:\\\/\\\/ufukaskeroglu.com\\\/\"],\"url\":\"https:\\\/\\\/ufukaskeroglu.com\\\/pt-pt\\\/author\\\/ufukaskeroglu\\\/\"}]}<\/script>\n<!-- \/ Yoast SEO plugin. -->","yoast_head_json":{"title":"Solu\u00e7\u00e3o Permanente Queda Cabelo - Ufuk Askero\u011flu","description":"Pacotes com tudo inclu\u00eddo - Mais de 8.000 pacientes satisfeitos - Bella Eyes - Trinity Lift - Lipoaspira\u00e7\u00e3o . Solu\u00e7\u00e3o Permanente Queda Cabelo","robots":{"index":"index","follow":"follow","max-snippet":"max-snippet:-1","max-image-preview":"max-image-preview:large","max-video-preview":"max-video-preview:-1"},"canonical":"https:\/\/ufukaskeroglu.com\/pt-pt\/solucao-permanente-queda-cabelo\/","og_locale":"pt_PT","og_type":"article","og_title":"Solu\u00e7\u00e3o Permanente Queda Cabelo - Ufuk Askero\u011flu","og_description":"Pacotes com tudo inclu\u00eddo - Mais de 8.000 pacientes satisfeitos - Bella Eyes - Trinity Lift - Lipoaspira\u00e7\u00e3o . Solu\u00e7\u00e3o Permanente Queda Cabelo","og_url":"https:\/\/ufukaskeroglu.com\/pt-pt\/solucao-permanente-queda-cabelo\/","og_site_name":"Ufuk Askero\u011flu","article_published_time":"2024-10-09T12:24:23+00:00","article_modified_time":"2024-10-09T12:59:40+00:00","og_image":[{"width":1080,"height":1080,"url":"https:\/\/ufukaskeroglu.com\/wp-content\/uploads\/2024\/10\/13.-PRP-Sac\u2560g-Tedavisi-Sac\u2560g-Do\u2560eku\u2560elmesine-Kal\u2500\u2592c\u2500\u2592-C\u2560go\u2560ezu\u2560em.jpg","type":"image\/jpeg"}],"author":"ufukaskeroglu","twitter_card":"summary_large_image","twitter_misc":{"Escrito por":"ufukaskeroglu","Tempo estimado de leitura":"6 minutos"},"schema":{"@context":"https:\/\/schema.org","@graph":[{"@type":"Article","@id":"https:\/\/ufukaskeroglu.com\/pt-pt\/solucao-permanente-queda-cabelo\/#article","isPartOf":{"@id":"https:\/\/ufukaskeroglu.com\/pt-pt\/solucao-permanente-queda-cabelo\/"},"author":{"name":"ufukaskeroglu","@id":"https:\/\/ufukaskeroglu.com\/#\/schema\/person\/269e7a409022187ae82d65c238b2b94d"},"headline":"Solu\u00e7\u00e3o Permanente Queda Cabelo","datePublished":"2024-10-09T12:24:23+00:00","dateModified":"2024-10-09T12:59:40+00:00","mainEntityOfPage":{"@id":"https:\/\/ufukaskeroglu.com\/pt-pt\/solucao-permanente-queda-cabelo\/"},"wordCount":1790,"publisher":{"@id":"https:\/\/ufukaskeroglu.com\/#\/schema\/person\/269e7a409022187ae82d65c238b2b94d"},"image":{"@id":"https:\/\/ufukaskeroglu.com\/pt-pt\/solucao-permanente-queda-cabelo\/#primaryimage"},"thumbnailUrl":"https:\/\/ufukaskeroglu.com\/wp-content\/uploads\/2024\/10\/13.-PRP-Sac\u2560g-Tedavisi-Sac\u2560g-Do\u2560eku\u2560elmesine-Kal\u2500\u2592c\u2500\u2592-C\u2560go\u2560ezu\u2560em.jpg","articleSection":["Ufuk Askero\u011flu"],"inLanguage":"pt-PT"},{"@type":"WebPage","@id":"https:\/\/ufukaskeroglu.com\/pt-pt\/solucao-permanente-queda-cabelo\/","url":"https:\/\/ufukaskeroglu.com\/pt-pt\/solucao-permanente-queda-cabelo\/","name":"Solu\u00e7\u00e3o Permanente Queda Cabelo - Ufuk Askero\u011flu","isPartOf":{"@id":"https:\/\/ufukaskeroglu.com\/#website"},"primaryImageOfPage":{"@id":"https:\/\/ufukaskeroglu.com\/pt-pt\/solucao-permanente-queda-cabelo\/#primaryimage"},"image":{"@id":"https:\/\/ufukaskeroglu.com\/pt-pt\/solucao-permanente-queda-cabelo\/#primaryimage"},"thumbnailUrl":"https:\/\/ufukaskeroglu.com\/wp-content\/uploads\/2024\/10\/13.-PRP-Sac\u2560g-Tedavisi-Sac\u2560g-Do\u2560eku\u2560elmesine-Kal\u2500\u2592c\u2500\u2592-C\u2560go\u2560ezu\u2560em.jpg","datePublished":"2024-10-09T12:24:23+00:00","dateModified":"2024-10-09T12:59:40+00:00","description":"Pacotes com tudo inclu\u00eddo - Mais de 8.000 pacientes satisfeitos - Bella Eyes - Trinity Lift - Lipoaspira\u00e7\u00e3o . Solu\u00e7\u00e3o Permanente Queda Cabelo","breadcrumb":{"@id":"https:\/\/ufukaskeroglu.com\/pt-pt\/solucao-permanente-queda-cabelo\/#breadcrumb"},"inLanguage":"pt-PT","potentialAction":[{"@type":"ReadAction","target":["https:\/\/ufukaskeroglu.com\/pt-pt\/solucao-permanente-queda-cabelo\/"]}]},{"@type":"ImageObject","inLanguage":"pt-PT","@id":"https:\/\/ufukaskeroglu.com\/pt-pt\/solucao-permanente-queda-cabelo\/#primaryimage","url":"https:\/\/ufukaskeroglu.com\/wp-content\/uploads\/2024\/10\/13.-PRP-Sac\u2560g-Tedavisi-Sac\u2560g-Do\u2560eku\u2560elmesine-Kal\u2500\u2592c\u2500\u2592-C\u2560go\u2560ezu\u2560em.jpg","contentUrl":"https:\/\/ufukaskeroglu.com\/wp-content\/uploads\/2024\/10\/13.-PRP-Sac\u2560g-Tedavisi-Sac\u2560g-Do\u2560eku\u2560elmesine-Kal\u2500\u2592c\u2500\u2592-C\u2560go\u2560ezu\u2560em.jpg","width":1080,"height":1080,"caption":"Sa\u00e7 D\u00f6k\u00fclmesine Kal\u0131c\u0131 \u00c7\u00f6z\u00fcm"},{"@type":"BreadcrumbList","@id":"https:\/\/ufukaskeroglu.com\/pt-pt\/solucao-permanente-queda-cabelo\/#breadcrumb","itemListElement":[{"@type":"ListItem","position":1,"name":"Anasayfa","item":"https:\/\/ufukaskeroglu.com\/pt-pt\/"},{"@type":"ListItem","position":2,"name":"Solu\u00e7\u00e3o Permanente Queda Cabelo"}]},{"@type":"WebSite","@id":"https:\/\/ufukaskeroglu.com\/#website","url":"https:\/\/ufukaskeroglu.com\/","name":"Dr. Ufuk Askeroglu | Leading Plastic Surgeon in Turkey | Master of Facial Rejuvenation","description":"","publisher":{"@id":"https:\/\/ufukaskeroglu.com\/#\/schema\/person\/269e7a409022187ae82d65c238b2b94d"},"potentialAction":[{"@type":"SearchAction","target":{"@type":"EntryPoint","urlTemplate":"https:\/\/ufukaskeroglu.com\/?s={search_term_string}"},"query-input":{"@type":"PropertyValueSpecification","valueRequired":true,"valueName":"search_term_string"}}],"inLanguage":"pt-PT"},{"@type":["Person","Organization"],"@id":"https:\/\/ufukaskeroglu.com\/#\/schema\/person\/269e7a409022187ae82d65c238b2b94d","name":"ufukaskeroglu","image":{"@type":"ImageObject","inLanguage":"pt-PT","@id":"https:\/\/ufukaskeroglu.com\/wp-content\/uploads\/2023\/07\/cropped-favicon_UA.pnge31fd54b915c8e1a9e226760f99d1cab","url":"https:\/\/ufukaskeroglu.com\/wp-content\/uploads\/2023\/07\/cropped-favicon_UA.png","contentUrl":"https:\/\/ufukaskeroglu.com\/wp-content\/uploads\/2023\/07\/cropped-favicon_UA.png","width":512,"height":512,"caption":"ufukaskeroglu"},"logo":{"@id":"https:\/\/ufukaskeroglu.com\/wp-content\/uploads\/2023\/07\/cropped-favicon_UA.pnge31fd54b915c8e1a9e226760f99d1cab"},"sameAs":["https:\/\/ufukaskeroglu.com\/"],"url":"https:\/\/ufukaskeroglu.com\/pt-pt\/author\/ufukaskeroglu\/"}]}},"authors":[{"term_id":444,"user_id":1,"is_guest":0,"slug":"ufukaskeroglu","display_name":"ufukaskeroglu","avatar_url":{"url":"https:\/\/ufukaskeroglu.com\/wp-content\/uploads\/2024\/07\/22-2.jpg","url2x":"https:\/\/ufukaskeroglu.com\/wp-content\/uploads\/2024\/07\/22-2.jpg"},"0":null,"1":"","2":"","3":"","4":"","5":"","6":"","7":"","8":""}],"_links":{"self":[{"href":"https:\/\/ufukaskeroglu.com\/pt-pt\/wp-json\/wp\/v2\/posts\/30586","targetHints":{"allow":["GET"]}}],"collection":[{"href":"https:\/\/ufukaskeroglu.com\/pt-pt\/wp-json\/wp\/v2\/posts"}],"about":[{"href":"https:\/\/ufukaskeroglu.com\/pt-pt\/wp-json\/wp\/v2\/types\/post"}],"author":[{"embeddable":true,"href":"https:\/\/ufukaskeroglu.com\/pt-pt\/wp-json\/wp\/v2\/users\/1"}],"replies":[{"embeddable":true,"href":"https:\/\/ufukaskeroglu.com\/pt-pt\/wp-json\/wp\/v2\/comments?post=30586"}],"version-history":[{"count":2,"href":"https:\/\/ufukaskeroglu.com\/pt-pt\/wp-json\/wp\/v2\/posts\/30586\/revisions"}],"predecessor-version":[{"id":30601,"href":"https:\/\/ufukaskeroglu.com\/pt-pt\/wp-json\/wp\/v2\/posts\/30586\/revisions\/30601"}],"wp:featuredmedia":[{"embeddable":true,"href":"https:\/\/ufukaskeroglu.com\/pt-pt\/wp-json\/wp\/v2\/media\/30577"}],"wp:attachment":[{"href":"https:\/\/ufukaskeroglu.com\/pt-pt\/wp-json\/wp\/v2\/media?parent=30586"}],"wp:term":[{"taxonomy":"category","embeddable":true,"href":"https:\/\/ufukaskeroglu.com\/pt-pt\/wp-json\/wp\/v2\/categories?post=30586"},{"taxonomy":"post_tag","embeddable":true,"href":"https:\/\/ufukaskeroglu.com\/pt-pt\/wp-json\/wp\/v2\/tags?post=30586"},{"taxonomy":"author","embeddable":true,"href":"https:\/\/ufukaskeroglu.com\/pt-pt\/wp-json\/wp\/v2\/ppma_author?post=30586"}],"curies":[{"name":"wp","href":"https:\/\/api.w.org\/{rel}","templated":true}]}}